{"id":4437,"date":"2024-07-12T10:10:43","date_gmt":"2024-07-12T13:10:43","guid":{"rendered":"https:\/\/www.comunidadeativa.jor.br\/?p=4437"},"modified":"2024-07-11T20:14:27","modified_gmt":"2024-07-11T23:14:27","slug":"um-sopro-de-vida-o-drama-de-luiz-carlos-novais","status":"publish","type":"post","link":"https:\/\/www.comunidadeativa.jor.br\/index.php\/2024\/07\/12\/um-sopro-de-vida-o-drama-de-luiz-carlos-novais\/","title":{"rendered":"Um Sopro de Vida: o drama de Luiz Carlos Novais"},"content":{"rendered":"<p>Quem acompanha o Carnaval de Belo Horizonte sabe da dedica\u00e7\u00e3o do morador do Anchieta Luiz Carlos Novais \u00e0 folia da capital, iniciada ainda na d\u00e9cada de 1970. Nos anos 2000, mesmo tendo se tornado cadeirante, driblando as pr\u00f3prias limita\u00e7\u00f5es e tamb\u00e9m as de or\u00e7amento impostas \u00e0s agremia\u00e7\u00f5es carnavalescas da capital, como presidente da Bem-Te-Vi e, mais tarde, da Imperavi de Ouro, sempre com a esposa Vera ao lado, Luiz n\u00e3o poupou esfor\u00e7os para colocar na avenida o melhor das escolas de samba. Por\u00e9m, nem todo mundo conhece a hist\u00f3ria de trag\u00e9dia e de supera\u00e7\u00e3o que h\u00e1 na vida do carnavalesco.<\/p>\n<p>Pois \u00e9 esta a hist\u00f3ria que inspirou suas filhas J\u00e9ssica Novais e Jordana Novais a escreverem o roteiro de Um Sopro de Vida, curta metragem do Est\u00fadio de Atores que teve exibi\u00e7\u00e3o no cinema e est\u00e1 dispon\u00edvel no YouTube.<\/p>\n<h5>Tiro<\/h5>\n<p>Em 20 minutos, o curta conta um epis\u00f3dio na vida de Carlos \u2014 o pr\u00f3prio Luiz\u2014, que, no auge de sua carreira como agente judici\u00e1rio do Tribunal de Justi\u00e7a de Minas Gerais (TJMG), resolveu fazer um favor a um amigo. Para quem em outra \u00e9poca j\u00e1 havia trabalhado na noite belo-horizontina, a miss\u00e3o era simples: as- sumir o comando de uma casa noturna da cidade somente naquela data \u2014 um domingo do Dia dos Pais.<\/p>\n<p>O que ningu\u00e9m esperava \u2014 e ningu\u00e9m nunca espera por isso \u2014 \u00e9 que um tiro mudaria toda a ordena\u00e7\u00e3o das vidas de Carlos e de sua fam\u00edlia.<\/p>\n<h5>Lembran\u00e7a<\/h5>\n<p>Em 2001, quando a trag\u00e9dia da vida real aconteceu, J\u00e9ssica e Jordana estavam com 7 e 3 anos, nessa ordem, o que faz com que o fato n\u00e3o esteja t\u00e3o vivo em suas mem\u00f3rias. Por\u00e9m, o que as duas recordam revela o in\u00edcio de tempos dif\u00edceis. \u201cEu lembro que fiquei bem agitada e at\u00e9 um pouco agressiva. Manifestava externamente tudo o que estava sentido\u201d, conta J\u00e9ssica.<br \/>\nNa mem\u00f3ria de Jordana est\u00e3o as transforma\u00e7\u00f5es na rotina, muito importantes para uma crian\u00e7a t\u00e3o nova. Como Vera, a m\u00e3e, tinha que cuidar do marido, J\u00e9ssica foi morar com uma tia e Jordana com a av\u00f3. \u201cRecordo que tive que mudar completamente de vida, adotando novos h\u00e1bitos e frequentando uma nova escola\u201d, ela diz.<br \/>\nAssim, com as emo\u00e7\u00f5es vindas das lembran\u00e7as que t\u00eam e com a colabora\u00e7\u00e3o dos depoimentos dos pais, as irm\u00e3s roteirizaram o curta.<\/p>\n<h5>Roteiro<\/h5>\n<p>O filme se sustenta sobre o conte\u00fado de realidade e sobre a emo\u00e7\u00e3o provocada por um momento t\u00e3o sens\u00edvel para a fam\u00edlia, o que tornou a experi\u00eancia da roteiriza\u00e7\u00e3o algo muito especial para as irm\u00e3s. \u201cFoi surreal escrever junto com a minha irm\u00e3 a hist\u00f3ria do meu pai, dando voz \u00e0 minha fam\u00edlia. Al\u00e9m de escrever o roteiro, eu participei de toda a grava\u00e7\u00e3o nos bastidores e fiz uma pequena atua\u00e7\u00e3o. Confesso que fiquei \u00e0 flor da pele. De todas as grava\u00e7\u00f5es eu saia chorando e bem emocionada\u201d, revela J\u00e9ssica.<br \/>\nSegundo Jordana, mesmo abordando uma hist\u00f3ria familiar t\u00e3o dif\u00edcil, as duas optaram por um processo de cria\u00e7\u00e3o leve. \u201cTivemos uma din\u00e2mica muito boa para escrever. Conversamos bastante com nossos pais para ajustar detalhes e adaptar tudo da melhor forma. Foi muito emocionante ler a vers\u00e3o final\u201d, ela diz.<\/p>\n<h5>Tela grande<\/h5>\n<p>Mais emocionante foi a experi\u00eancia das irm\u00e3s, que tamb\u00e9m s\u00e3o atrizes, quando viram o curta sendo exibindo no Cinemark P\u00e1tio Savassi, durante o Festiva Audiovisual do Est\u00fadio de Atores do ano passado. \u201cS\u00f3 de estar passando no cinema, no Cinemark em espec\u00edfico, j\u00e1 foi incr\u00edvel. Al\u00e9m disso, ter a oportunidade de ver parte da hist\u00f3ria das nossas vidas ser contada foi algo dif\u00edcil de explicar em palavras. Principalmente, porque nossa fam\u00edlia estava assistindo e porque meu pai estava l\u00e1\u201d, diz J\u00e9ssica.<\/p>\n<p>Para Jordana, a sensa\u00e7\u00e3o tamb\u00e9m foi especial. \u201cAssistir ao filme finalizado em uma sala de cinema lotada e ver uma hist\u00f3ria escrita por mim e por minha irm\u00e3 na telona foi uma emo\u00e7\u00e3o indescrit\u00edvel. Con- tar a hist\u00f3ria do nosso pai e lev\u00e1-lo para assistir foi emocionante em muitos aspectos\u201d, conclui.<br \/>\nPara saber mais sobre essa hist\u00f3ria, use o QR Code ao lado e acesse o curta Um Sopro de Vida no Youtube.<\/p>\n","protected":false},"excerpt":{"rendered":"<p>Quem acompanha o Carnaval de Belo Horizonte sabe da dedica\u00e7\u00e3o do morador do Anchieta Luiz Carlos Novais \u00e0 folia da<\/p>\n","protected":false},"author":1,"featured_media":4487,"comment_status":"closed","ping_status":"open","sticky":false,"template":"","format":"standard","meta":{"footnotes":""},"categories":[15],"tags":[],"class_list":["post-4437","post","type-post","status-publish","format-standard","has-post-thumbnail","hentry","category-cultura"],"yoast_head":"<!-- This site is optimized with the Yoast SEO plugin v26.0 - https:\/\/yoast.com\/wordpress\/plugins\/seo\/ -->\n<title>Um Sopro de Vida: o drama de Luiz Carlos Novais - Comunidade Ativa<\/title>\n<meta name=\"robots\" content=\"index, follow, max-snippet:-1, max-image-preview:large, max-video-preview:-1\" \/>\n<link rel=\"canonical\" href=\"https:\/\/www.comunidadeativa.jor.br\/index.php\/2024\/07\/12\/um-sopro-de-vida-o-drama-de-luiz-carlos-novais\/\" \/>\n<meta property=\"og:locale\" content=\"pt_BR\" \/>\n<meta property=\"og:type\" content=\"article\" \/>\n<meta property=\"og:title\" content=\"Um Sopro de Vida: o drama de Luiz Carlos Novais - Comunidade Ativa\" \/>\n<meta property=\"og:description\" content=\"Quem acompanha o Carnaval de Belo Horizonte sabe da dedica\u00e7\u00e3o do morador do Anchieta Luiz Carlos Novais \u00e0 folia da\" \/>\n<meta property=\"og:url\" content=\"https:\/\/www.comunidadeativa.jor.br\/index.php\/2024\/07\/12\/um-sopro-de-vida-o-drama-de-luiz-carlos-novais\/\" \/>\n<meta property=\"og:site_name\" content=\"Comunidade Ativa\" \/>\n<meta property=\"article:publisher\" content=\"https:\/\/www.facebook.com\/comunidadeativa\" \/>\n<meta property=\"article:published_time\" content=\"2024-07-12T13:10:43+00:00\" \/>\n<meta property=\"og:image\" content=\"https:\/\/www.comunidadeativa.jor.br\/wp-content\/uploads\/2024\/06\/CAPAJORNALSITEPNG-7.png\" \/>\n\t<meta property=\"og:image:width\" content=\"800\" \/>\n\t<meta property=\"og:image:height\" content=\"445\" \/>\n\t<meta property=\"og:image:type\" content=\"image\/png\" \/>\n<meta name=\"author\" content=\"Comunidade Ativa\" \/>\n<meta name=\"twitter:card\" content=\"summary_large_image\" \/>\n<meta name=\"twitter:label1\" content=\"Escrito por\" \/>\n\t<meta name=\"twitter:data1\" content=\"Comunidade Ativa\" \/>\n\t<meta name=\"twitter:label2\" content=\"Est. tempo de leitura\" \/>\n\t<meta name=\"twitter:data2\" content=\"4 minutos\" \/>\n<script type=\"application\/ld+json\" class=\"yoast-schema-graph\">{\"@context\":\"https:\/\/schema.org\",\"@graph\":[{\"@type\":\"Article\",\"@id\":\"https:\/\/www.comunidadeativa.jor.br\/index.php\/2024\/07\/12\/um-sopro-de-vida-o-drama-de-luiz-carlos-novais\/#article\",\"isPartOf\":{\"@id\":\"https:\/\/www.comunidadeativa.jor.br\/index.php\/2024\/07\/12\/um-sopro-de-vida-o-drama-de-luiz-carlos-novais\/\"},\"author\":{\"name\":\"Comunidade Ativa\",\"@id\":\"https:\/\/www.comunidadeativa.jor.br\/#\/schema\/person\/dcaa1f1c51c1f0c47a33b2b734cad6e1\"},\"headline\":\"Um Sopro de Vida: o drama de Luiz Carlos Novais\",\"datePublished\":\"2024-07-12T13:10:43+00:00\",\"mainEntityOfPage\":{\"@id\":\"https:\/\/www.comunidadeativa.jor.br\/index.php\/2024\/07\/12\/um-sopro-de-vida-o-drama-de-luiz-carlos-novais\/\"},\"wordCount\":768,\"publisher\":{\"@id\":\"https:\/\/www.comunidadeativa.jor.br\/#organization\"},\"image\":{\"@id\":\"https:\/\/www.comunidadeativa.jor.br\/index.php\/2024\/07\/12\/um-sopro-de-vida-o-drama-de-luiz-carlos-novais\/#primaryimage\"},\"thumbnailUrl\":\"https:\/\/www.comunidadeativa.jor.br\/wp-content\/uploads\/2024\/06\/CAPAJORNALSITEPNG-7.png\",\"articleSection\":[\"Cultura\"],\"inLanguage\":\"pt-BR\"},{\"@type\":\"WebPage\",\"@id\":\"https:\/\/www.comunidadeativa.jor.br\/index.php\/2024\/07\/12\/um-sopro-de-vida-o-drama-de-luiz-carlos-novais\/\",\"url\":\"https:\/\/www.comunidadeativa.jor.br\/index.php\/2024\/07\/12\/um-sopro-de-vida-o-drama-de-luiz-carlos-novais\/\",\"name\":\"Um Sopro de Vida: o drama de Luiz Carlos Novais - Comunidade Ativa\",\"isPartOf\":{\"@id\":\"https:\/\/www.comunidadeativa.jor.br\/#website\"},\"primaryImageOfPage\":{\"@id\":\"https:\/\/www.comunidadeativa.jor.br\/index.php\/2024\/07\/12\/um-sopro-de-vida-o-drama-de-luiz-carlos-novais\/#primaryimage\"},\"image\":{\"@id\":\"https:\/\/www.comunidadeativa.jor.br\/index.php\/2024\/07\/12\/um-sopro-de-vida-o-drama-de-luiz-carlos-novais\/#primaryimage\"},\"thumbnailUrl\":\"https:\/\/www.comunidadeativa.jor.br\/wp-content\/uploads\/2024\/06\/CAPAJORNALSITEPNG-7.png\",\"datePublished\":\"2024-07-12T13:10:43+00:00\",\"breadcrumb\":{\"@id\":\"https:\/\/www.comunidadeativa.jor.br\/index.php\/2024\/07\/12\/um-sopro-de-vida-o-drama-de-luiz-carlos-novais\/#breadcrumb\"},\"inLanguage\":\"pt-BR\",\"potentialAction\":[{\"@type\":\"ReadAction\",\"target\":[\"https:\/\/www.comunidadeativa.jor.br\/index.php\/2024\/07\/12\/um-sopro-de-vida-o-drama-de-luiz-carlos-novais\/\"]}]},{\"@type\":\"ImageObject\",\"inLanguage\":\"pt-BR\",\"@id\":\"https:\/\/www.comunidadeativa.jor.br\/index.php\/2024\/07\/12\/um-sopro-de-vida-o-drama-de-luiz-carlos-novais\/#primaryimage\",\"url\":\"https:\/\/www.comunidadeativa.jor.br\/wp-content\/uploads\/2024\/06\/CAPAJORNALSITEPNG-7.png\",\"contentUrl\":\"https:\/\/www.comunidadeativa.jor.br\/wp-content\/uploads\/2024\/06\/CAPAJORNALSITEPNG-7.png\",\"width\":800,\"height\":445},{\"@type\":\"BreadcrumbList\",\"@id\":\"https:\/\/www.comunidadeativa.jor.br\/index.php\/2024\/07\/12\/um-sopro-de-vida-o-drama-de-luiz-carlos-novais\/#breadcrumb\",\"itemListElement\":[{\"@type\":\"ListItem\",\"position\":1,\"name\":\"In\u00edcio\",\"item\":\"https:\/\/www.comunidadeativa.jor.br\/\"},{\"@type\":\"ListItem\",\"position\":2,\"name\":\"Um Sopro de Vida: o drama de Luiz Carlos Novais\"}]},{\"@type\":\"WebSite\",\"@id\":\"https:\/\/www.comunidadeativa.jor.br\/#website\",\"url\":\"https:\/\/www.comunidadeativa.jor.br\/\",\"name\":\"Comunidade Ativa\",\"description\":\"\",\"publisher\":{\"@id\":\"https:\/\/www.comunidadeativa.jor.br\/#organization\"},\"potentialAction\":[{\"@type\":\"SearchAction\",\"target\":{\"@type\":\"EntryPoint\",\"urlTemplate\":\"https:\/\/www.comunidadeativa.jor.br\/?s={search_term_string}\"},\"query-input\":{\"@type\":\"PropertyValueSpecification\",\"valueRequired\":true,\"valueName\":\"search_term_string\"}}],\"inLanguage\":\"pt-BR\"},{\"@type\":\"Organization\",\"@id\":\"https:\/\/www.comunidadeativa.jor.br\/#organization\",\"name\":\"Comunidade Ativa\",\"url\":\"https:\/\/www.comunidadeativa.jor.br\/\",\"logo\":{\"@type\":\"ImageObject\",\"inLanguage\":\"pt-BR\",\"@id\":\"https:\/\/www.comunidadeativa.jor.br\/#\/schema\/logo\/image\/\",\"url\":\"https:\/\/www.comunidadeativa.jor.br\/wp-content\/uploads\/2018\/03\/cropped-LOGOPNG-1.png\",\"contentUrl\":\"https:\/\/www.comunidadeativa.jor.br\/wp-content\/uploads\/2018\/03\/cropped-LOGOPNG-1.png\",\"width\":318,\"height\":90,\"caption\":\"Comunidade Ativa\"},\"image\":{\"@id\":\"https:\/\/www.comunidadeativa.jor.br\/#\/schema\/logo\/image\/\"},\"sameAs\":[\"https:\/\/www.facebook.com\/comunidadeativa\"]},{\"@type\":\"Person\",\"@id\":\"https:\/\/www.comunidadeativa.jor.br\/#\/schema\/person\/dcaa1f1c51c1f0c47a33b2b734cad6e1\",\"name\":\"Comunidade Ativa\",\"image\":{\"@type\":\"ImageObject\",\"inLanguage\":\"pt-BR\",\"@id\":\"https:\/\/www.comunidadeativa.jor.br\/#\/schema\/person\/image\/\",\"url\":\"https:\/\/secure.gravatar.com\/avatar\/09a9a1f85fedf41e81b47f7c1d40084f?s=96&d=mm&r=g\",\"contentUrl\":\"https:\/\/secure.gravatar.com\/avatar\/09a9a1f85fedf41e81b47f7c1d40084f?s=96&d=mm&r=g\",\"caption\":\"Comunidade Ativa\"},\"url\":\"https:\/\/www.comunidadeativa.jor.br\/index.php\/author\/casalberto\/\"}]}<\/script>\n<!-- \/ Yoast SEO plugin. -->","yoast_head_json":{"title":"Um Sopro de Vida: o drama de Luiz Carlos Novais - Comunidade Ativa","robots":{"index":"index","follow":"follow","max-snippet":"max-snippet:-1","max-image-preview":"max-image-preview:large","max-video-preview":"max-video-preview:-1"},"canonical":"https:\/\/www.comunidadeativa.jor.br\/index.php\/2024\/07\/12\/um-sopro-de-vida-o-drama-de-luiz-carlos-novais\/","og_locale":"pt_BR","og_type":"article","og_title":"Um Sopro de Vida: o drama de Luiz Carlos Novais - Comunidade Ativa","og_description":"Quem acompanha o Carnaval de Belo Horizonte sabe da dedica\u00e7\u00e3o do morador do Anchieta Luiz Carlos Novais \u00e0 folia da","og_url":"https:\/\/www.comunidadeativa.jor.br\/index.php\/2024\/07\/12\/um-sopro-de-vida-o-drama-de-luiz-carlos-novais\/","og_site_name":"Comunidade Ativa","article_publisher":"https:\/\/www.facebook.com\/comunidadeativa","article_published_time":"2024-07-12T13:10:43+00:00","og_image":[{"width":800,"height":445,"url":"https:\/\/www.comunidadeativa.jor.br\/wp-content\/uploads\/2024\/06\/CAPAJORNALSITEPNG-7.png","type":"image\/png"}],"author":"Comunidade Ativa","twitter_card":"summary_large_image","twitter_misc":{"Escrito por":"Comunidade Ativa","Est. tempo de leitura":"4 minutos"},"schema":{"@context":"https:\/\/schema.org","@graph":[{"@type":"Article","@id":"https:\/\/www.comunidadeativa.jor.br\/index.php\/2024\/07\/12\/um-sopro-de-vida-o-drama-de-luiz-carlos-novais\/#article","isPartOf":{"@id":"https:\/\/www.comunidadeativa.jor.br\/index.php\/2024\/07\/12\/um-sopro-de-vida-o-drama-de-luiz-carlos-novais\/"},"author":{"name":"Comunidade Ativa","@id":"https:\/\/www.comunidadeativa.jor.br\/#\/schema\/person\/dcaa1f1c51c1f0c47a33b2b734cad6e1"},"headline":"Um Sopro de Vida: o drama de Luiz Carlos Novais","datePublished":"2024-07-12T13:10:43+00:00","mainEntityOfPage":{"@id":"https:\/\/www.comunidadeativa.jor.br\/index.php\/2024\/07\/12\/um-sopro-de-vida-o-drama-de-luiz-carlos-novais\/"},"wordCount":768,"publisher":{"@id":"https:\/\/www.comunidadeativa.jor.br\/#organization"},"image":{"@id":"https:\/\/www.comunidadeativa.jor.br\/index.php\/2024\/07\/12\/um-sopro-de-vida-o-drama-de-luiz-carlos-novais\/#primaryimage"},"thumbnailUrl":"https:\/\/www.comunidadeativa.jor.br\/wp-content\/uploads\/2024\/06\/CAPAJORNALSITEPNG-7.png","articleSection":["Cultura"],"inLanguage":"pt-BR"},{"@type":"WebPage","@id":"https:\/\/www.comunidadeativa.jor.br\/index.php\/2024\/07\/12\/um-sopro-de-vida-o-drama-de-luiz-carlos-novais\/","url":"https:\/\/www.comunidadeativa.jor.br\/index.php\/2024\/07\/12\/um-sopro-de-vida-o-drama-de-luiz-carlos-novais\/","name":"Um Sopro de Vida: o drama de Luiz Carlos Novais - Comunidade Ativa","isPartOf":{"@id":"https:\/\/www.comunidadeativa.jor.br\/#website"},"primaryImageOfPage":{"@id":"https:\/\/www.comunidadeativa.jor.br\/index.php\/2024\/07\/12\/um-sopro-de-vida-o-drama-de-luiz-carlos-novais\/#primaryimage"},"image":{"@id":"https:\/\/www.comunidadeativa.jor.br\/index.php\/2024\/07\/12\/um-sopro-de-vida-o-drama-de-luiz-carlos-novais\/#primaryimage"},"thumbnailUrl":"https:\/\/www.comunidadeativa.jor.br\/wp-content\/uploads\/2024\/06\/CAPAJORNALSITEPNG-7.png","datePublished":"2024-07-12T13:10:43+00:00","breadcrumb":{"@id":"https:\/\/www.comunidadeativa.jor.br\/index.php\/2024\/07\/12\/um-sopro-de-vida-o-drama-de-luiz-carlos-novais\/#breadcrumb"},"inLanguage":"pt-BR","potentialAction":[{"@type":"ReadAction","target":["https:\/\/www.comunidadeativa.jor.br\/index.php\/2024\/07\/12\/um-sopro-de-vida-o-drama-de-luiz-carlos-novais\/"]}]},{"@type":"ImageObject","inLanguage":"pt-BR","@id":"https:\/\/www.comunidadeativa.jor.br\/index.php\/2024\/07\/12\/um-sopro-de-vida-o-drama-de-luiz-carlos-novais\/#primaryimage","url":"https:\/\/www.comunidadeativa.jor.br\/wp-content\/uploads\/2024\/06\/CAPAJORNALSITEPNG-7.png","contentUrl":"https:\/\/www.comunidadeativa.jor.br\/wp-content\/uploads\/2024\/06\/CAPAJORNALSITEPNG-7.png","width":800,"height":445},{"@type":"BreadcrumbList","@id":"https:\/\/www.comunidadeativa.jor.br\/index.php\/2024\/07\/12\/um-sopro-de-vida-o-drama-de-luiz-carlos-novais\/#breadcrumb","itemListElement":[{"@type":"ListItem","position":1,"name":"In\u00edcio","item":"https:\/\/www.comunidadeativa.jor.br\/"},{"@type":"ListItem","position":2,"name":"Um Sopro de Vida: o drama de Luiz Carlos Novais"}]},{"@type":"WebSite","@id":"https:\/\/www.comunidadeativa.jor.br\/#website","url":"https:\/\/www.comunidadeativa.jor.br\/","name":"Comunidade Ativa","description":"","publisher":{"@id":"https:\/\/www.comunidadeativa.jor.br\/#organization"},"potentialAction":[{"@type":"SearchAction","target":{"@type":"EntryPoint","urlTemplate":"https:\/\/www.comunidadeativa.jor.br\/?s={search_term_string}"},"query-input":{"@type":"PropertyValueSpecification","valueRequired":true,"valueName":"search_term_string"}}],"inLanguage":"pt-BR"},{"@type":"Organization","@id":"https:\/\/www.comunidadeativa.jor.br\/#organization","name":"Comunidade Ativa","url":"https:\/\/www.comunidadeativa.jor.br\/","logo":{"@type":"ImageObject","inLanguage":"pt-BR","@id":"https:\/\/www.comunidadeativa.jor.br\/#\/schema\/logo\/image\/","url":"https:\/\/www.comunidadeativa.jor.br\/wp-content\/uploads\/2018\/03\/cropped-LOGOPNG-1.png","contentUrl":"https:\/\/www.comunidadeativa.jor.br\/wp-content\/uploads\/2018\/03\/cropped-LOGOPNG-1.png","width":318,"height":90,"caption":"Comunidade Ativa"},"image":{"@id":"https:\/\/www.comunidadeativa.jor.br\/#\/schema\/logo\/image\/"},"sameAs":["https:\/\/www.facebook.com\/comunidadeativa"]},{"@type":"Person","@id":"https:\/\/www.comunidadeativa.jor.br\/#\/schema\/person\/dcaa1f1c51c1f0c47a33b2b734cad6e1","name":"Comunidade Ativa","image":{"@type":"ImageObject","inLanguage":"pt-BR","@id":"https:\/\/www.comunidadeativa.jor.br\/#\/schema\/person\/image\/","url":"https:\/\/secure.gravatar.com\/avatar\/09a9a1f85fedf41e81b47f7c1d40084f?s=96&d=mm&r=g","contentUrl":"https:\/\/secure.gravatar.com\/avatar\/09a9a1f85fedf41e81b47f7c1d40084f?s=96&d=mm&r=g","caption":"Comunidade Ativa"},"url":"https:\/\/www.comunidadeativa.jor.br\/index.php\/author\/casalberto\/"}]}},"_links":{"self":[{"href":"https:\/\/www.comunidadeativa.jor.br\/index.php\/wp-json\/wp\/v2\/posts\/4437","targetHints":{"allow":["GET"]}}],"collection":[{"href":"https:\/\/www.comunidadeativa.jor.br\/index.php\/wp-json\/wp\/v2\/posts"}],"about":[{"href":"https:\/\/www.comunidadeativa.jor.br\/index.php\/wp-json\/wp\/v2\/types\/post"}],"author":[{"embeddable":true,"href":"https:\/\/www.comunidadeativa.jor.br\/index.php\/wp-json\/wp\/v2\/users\/1"}],"replies":[{"embeddable":true,"href":"https:\/\/www.comunidadeativa.jor.br\/index.php\/wp-json\/wp\/v2\/comments?post=4437"}],"version-history":[{"count":3,"href":"https:\/\/www.comunidadeativa.jor.br\/index.php\/wp-json\/wp\/v2\/posts\/4437\/revisions"}],"predecessor-version":[{"id":4471,"href":"https:\/\/www.comunidadeativa.jor.br\/index.php\/wp-json\/wp\/v2\/posts\/4437\/revisions\/4471"}],"wp:featuredmedia":[{"embeddable":true,"href":"https:\/\/www.comunidadeativa.jor.br\/index.php\/wp-json\/wp\/v2\/media\/4487"}],"wp:attachment":[{"href":"https:\/\/www.comunidadeativa.jor.br\/index.php\/wp-json\/wp\/v2\/media?parent=4437"}],"wp:term":[{"taxonomy":"category","embeddable":true,"href":"https:\/\/www.comunidadeativa.jor.br\/index.php\/wp-json\/wp\/v2\/categories?post=4437"},{"taxonomy":"post_tag","embeddable":true,"href":"https:\/\/www.comunidadeativa.jor.br\/index.php\/wp-json\/wp\/v2\/tags?post=4437"}],"curies":[{"name":"wp","href":"https:\/\/api.w.org\/{rel}","templated":true}]}}