{"id":4526,"date":"2024-08-08T14:11:34","date_gmt":"2024-08-08T17:11:34","guid":{"rendered":"https:\/\/www.comunidadeativa.jor.br\/?p=4526"},"modified":"2024-08-08T14:11:34","modified_gmt":"2024-08-08T17:11:34","slug":"seguranca-publica-foi-o-tema-da-reuniao-realizada-na-noite-de-quarta-feira-7-de-agosto-na-amoran","status":"publish","type":"post","link":"https:\/\/www.comunidadeativa.jor.br\/index.php\/2024\/08\/08\/seguranca-publica-foi-o-tema-da-reuniao-realizada-na-noite-de-quarta-feira-7-de-agosto-na-amoran\/","title":{"rendered":"Seguran\u00e7a p\u00fablica foi o tema da reuni\u00e3o realizada na noite de quarta-feira, 7 de agosto, na Amoran"},"content":{"rendered":"<p>Em reuni\u00e3o acontecida na Amoran na noite da quarta-feira 7 de agosto, a comunidade do Cruzeiro recebeu dos poderes p\u00fablicos municipal e estadual informa\u00e7\u00f5es relativas \u00e0 seguran\u00e7a local. O encontro ocorreu como desdobramento da visita t\u00e9cnica de 6 de junho, realizada no bairro pela Secretaria Municipal de Seguran\u00e7a e Preven\u00e7\u00e3o (SMSP), da Prefeitura de Belo Horizonte (PBH. A visita \u2014 solicitada pelo vereador S\u00e9rgio Fernando Pinho Tavares (MDB), a pedido da Amoran \u2014 tamb\u00e9m contou com a participa\u00e7\u00e3o de representantes da Pol\u00edcia Militar de Minas Gerais (PMMG).<\/p>\n<h5>Posicionamentos<\/h5>\n<p>Na reuni\u00e3o, o secret\u00e1rio de Seguran\u00e7a e Preven\u00e7\u00e3o da PBH, Genilson Ribeiro, apresentou relatos referentes ao acompanhamento que o Munic\u00edpio vem fazendo das condi\u00e7\u00f5es de uma pessoa em situa\u00e7\u00e3o de rua que est\u00e1 vivendo na regi\u00e3o. O secret\u00e1rio tamb\u00e9m abordou problemas na ilumina\u00e7\u00e3o p\u00fablica, que, em algumas ruas, est\u00e1 prejudicada pelas copas das \u00e1rvores, favorecendo a atua\u00e7\u00e3o de infratores. \u00a0Genilson tamb\u00e9m se comprometeu a continuar apoiando as a\u00e7\u00f5es da comunidade voltadas para a seguran\u00e7a p\u00fablica.<\/p>\n<p>Em nome da PMMG, o tenente Albert, comandante do policiamento dos bairros Anchieta e Cruzeiro, destacou a import\u00e2ncia de a popula\u00e7\u00e3o registrar junto \u00e0 pol\u00edcia todas as ocorr\u00eancias da regi\u00e3o. Segundo o tenente, s\u00e3o aqueles registros que tornam poss\u00edvel o planejamento estrat\u00e9gico das a\u00e7\u00f5es policiais, que acontecem onde h\u00e1 maior incid\u00eancia de crimes. O policial tamb\u00e9m ressaltou o valor do acionamento da PMMG por meio do n\u00famero 190, sempre que houver necessidade.<\/p>\n<p>A reuni\u00e3o, que foi moderada pelo presidente da Amoran, Carlos Alberto Rocha, tamb\u00e9m contou com a participa\u00e7\u00e3o dos vereadores S\u00e9rgio Fernando e Fernanda Alto\u00e9 (Novo).<\/p>\n<h5>Rede<\/h5>\n<p>No encontro, Carlos Aberto apontou os recursos tecnol\u00f3gicos dispon\u00edveis na atualidade como fortes aliados da comunidade nas a\u00e7\u00f5es de preven\u00e7\u00e3o. De modo especial, o presidente da Amoran fez considera\u00e7\u00f5es sobre o programa BH + Segura, da PBH, e sobre a possibilidade de cria\u00e7\u00e3o de uma rede de r\u00e1dios comunicadores que sejam operados a partir de condom\u00ednios e de empresas locais. Carlos Alberto tamb\u00e9m prop\u00f4s a cria\u00e7\u00e3o de uma rede de vizinhos semelhante \u00e0 que existiu no passado e que apresentava \u00f3timos resultados.<\/p>\n<p>De acordo com Carlos Alberto, havendo disposi\u00e7\u00e3o dos moradores e das empresas da regi\u00e3o para participarem, a Amoran se empenhar\u00e1 na estrutura\u00e7\u00e3o da nova rede de vizinhos.<\/p>\n","protected":false},"excerpt":{"rendered":"<p>Em reuni\u00e3o acontecida na Amoran na noite da quarta-feira 7 de agosto, a comunidade do Cruzeiro recebeu dos poderes p\u00fablicos<\/p>\n","protected":false},"author":1,"featured_media":4527,"comment_status":"closed","ping_status":"open","sticky":false,"template":"","format":"standard","meta":{"footnotes":""},"categories":[12],"tags":[],"class_list":["post-4526","post","type-post","status-publish","format-standard","has-post-thumbnail","hentry","category-cidadania"],"yoast_head":"<!-- This site is optimized with the Yoast SEO plugin v26.0 - https:\/\/yoast.com\/wordpress\/plugins\/seo\/ -->\n<title>Seguran\u00e7a p\u00fablica foi o tema da reuni\u00e3o realizada na noite de quarta-feira, 7 de agosto, na Amoran - Comunidade Ativa<\/title>\n<meta name=\"robots\" content=\"index, follow, max-snippet:-1, max-image-preview:large, max-video-preview:-1\" \/>\n<link rel=\"canonical\" href=\"https:\/\/www.comunidadeativa.jor.br\/index.php\/2024\/08\/08\/seguranca-publica-foi-o-tema-da-reuniao-realizada-na-noite-de-quarta-feira-7-de-agosto-na-amoran\/\" \/>\n<meta property=\"og:locale\" content=\"pt_BR\" \/>\n<meta property=\"og:type\" content=\"article\" \/>\n<meta property=\"og:title\" content=\"Seguran\u00e7a p\u00fablica foi o tema da reuni\u00e3o realizada na noite de quarta-feira, 7 de agosto, na Amoran - Comunidade Ativa\" \/>\n<meta property=\"og:description\" content=\"Em reuni\u00e3o acontecida na Amoran na noite da quarta-feira 7 de agosto, a comunidade do Cruzeiro recebeu dos poderes p\u00fablicos\" \/>\n<meta property=\"og:url\" content=\"https:\/\/www.comunidadeativa.jor.br\/index.php\/2024\/08\/08\/seguranca-publica-foi-o-tema-da-reuniao-realizada-na-noite-de-quarta-feira-7-de-agosto-na-amoran\/\" \/>\n<meta property=\"og:site_name\" content=\"Comunidade Ativa\" \/>\n<meta property=\"article:publisher\" content=\"https:\/\/www.facebook.com\/comunidadeativa\" \/>\n<meta property=\"article:published_time\" content=\"2024-08-08T17:11:34+00:00\" \/>\n<meta property=\"og:image\" content=\"https:\/\/www.comunidadeativa.jor.br\/wp-content\/uploads\/2024\/08\/CAPAJORNALSITEPNG-4.png\" \/>\n\t<meta property=\"og:image:width\" content=\"800\" \/>\n\t<meta property=\"og:image:height\" content=\"445\" \/>\n\t<meta property=\"og:image:type\" content=\"image\/png\" \/>\n<meta name=\"author\" content=\"Comunidade Ativa\" \/>\n<meta name=\"twitter:card\" content=\"summary_large_image\" \/>\n<meta name=\"twitter:label1\" content=\"Escrito por\" \/>\n\t<meta name=\"twitter:data1\" content=\"Comunidade Ativa\" \/>\n\t<meta name=\"twitter:label2\" content=\"Est. tempo de leitura\" \/>\n\t<meta name=\"twitter:data2\" content=\"3 minutos\" \/>\n<script type=\"application\/ld+json\" class=\"yoast-schema-graph\">{\"@context\":\"https:\/\/schema.org\",\"@graph\":[{\"@type\":\"Article\",\"@id\":\"https:\/\/www.comunidadeativa.jor.br\/index.php\/2024\/08\/08\/seguranca-publica-foi-o-tema-da-reuniao-realizada-na-noite-de-quarta-feira-7-de-agosto-na-amoran\/#article\",\"isPartOf\":{\"@id\":\"https:\/\/www.comunidadeativa.jor.br\/index.php\/2024\/08\/08\/seguranca-publica-foi-o-tema-da-reuniao-realizada-na-noite-de-quarta-feira-7-de-agosto-na-amoran\/\"},\"author\":{\"name\":\"Comunidade Ativa\",\"@id\":\"https:\/\/www.comunidadeativa.jor.br\/#\/schema\/person\/dcaa1f1c51c1f0c47a33b2b734cad6e1\"},\"headline\":\"Seguran\u00e7a p\u00fablica foi o tema da reuni\u00e3o realizada na noite de quarta-feira, 7 de agosto, na Amoran\",\"datePublished\":\"2024-08-08T17:11:34+00:00\",\"mainEntityOfPage\":{\"@id\":\"https:\/\/www.comunidadeativa.jor.br\/index.php\/2024\/08\/08\/seguranca-publica-foi-o-tema-da-reuniao-realizada-na-noite-de-quarta-feira-7-de-agosto-na-amoran\/\"},\"wordCount\":438,\"publisher\":{\"@id\":\"https:\/\/www.comunidadeativa.jor.br\/#organization\"},\"image\":{\"@id\":\"https:\/\/www.comunidadeativa.jor.br\/index.php\/2024\/08\/08\/seguranca-publica-foi-o-tema-da-reuniao-realizada-na-noite-de-quarta-feira-7-de-agosto-na-amoran\/#primaryimage\"},\"thumbnailUrl\":\"https:\/\/www.comunidadeativa.jor.br\/wp-content\/uploads\/2024\/08\/CAPAJORNALSITEPNG-4.png\",\"articleSection\":[\"Cidadania\"],\"inLanguage\":\"pt-BR\"},{\"@type\":\"WebPage\",\"@id\":\"https:\/\/www.comunidadeativa.jor.br\/index.php\/2024\/08\/08\/seguranca-publica-foi-o-tema-da-reuniao-realizada-na-noite-de-quarta-feira-7-de-agosto-na-amoran\/\",\"url\":\"https:\/\/www.comunidadeativa.jor.br\/index.php\/2024\/08\/08\/seguranca-publica-foi-o-tema-da-reuniao-realizada-na-noite-de-quarta-feira-7-de-agosto-na-amoran\/\",\"name\":\"Seguran\u00e7a p\u00fablica foi o tema da reuni\u00e3o realizada na noite de quarta-feira, 7 de agosto, na Amoran - Comunidade Ativa\",\"isPartOf\":{\"@id\":\"https:\/\/www.comunidadeativa.jor.br\/#website\"},\"primaryImageOfPage\":{\"@id\":\"https:\/\/www.comunidadeativa.jor.br\/index.php\/2024\/08\/08\/seguranca-publica-foi-o-tema-da-reuniao-realizada-na-noite-de-quarta-feira-7-de-agosto-na-amoran\/#primaryimage\"},\"image\":{\"@id\":\"https:\/\/www.comunidadeativa.jor.br\/index.php\/2024\/08\/08\/seguranca-publica-foi-o-tema-da-reuniao-realizada-na-noite-de-quarta-feira-7-de-agosto-na-amoran\/#primaryimage\"},\"thumbnailUrl\":\"https:\/\/www.comunidadeativa.jor.br\/wp-content\/uploads\/2024\/08\/CAPAJORNALSITEPNG-4.png\",\"datePublished\":\"2024-08-08T17:11:34+00:00\",\"breadcrumb\":{\"@id\":\"https:\/\/www.comunidadeativa.jor.br\/index.php\/2024\/08\/08\/seguranca-publica-foi-o-tema-da-reuniao-realizada-na-noite-de-quarta-feira-7-de-agosto-na-amoran\/#breadcrumb\"},\"inLanguage\":\"pt-BR\",\"potentialAction\":[{\"@type\":\"ReadAction\",\"target\":[\"https:\/\/www.comunidadeativa.jor.br\/index.php\/2024\/08\/08\/seguranca-publica-foi-o-tema-da-reuniao-realizada-na-noite-de-quarta-feira-7-de-agosto-na-amoran\/\"]}]},{\"@type\":\"ImageObject\",\"inLanguage\":\"pt-BR\",\"@id\":\"https:\/\/www.comunidadeativa.jor.br\/index.php\/2024\/08\/08\/seguranca-publica-foi-o-tema-da-reuniao-realizada-na-noite-de-quarta-feira-7-de-agosto-na-amoran\/#primaryimage\",\"url\":\"https:\/\/www.comunidadeativa.jor.br\/wp-content\/uploads\/2024\/08\/CAPAJORNALSITEPNG-4.png\",\"contentUrl\":\"https:\/\/www.comunidadeativa.jor.br\/wp-content\/uploads\/2024\/08\/CAPAJORNALSITEPNG-4.png\",\"width\":800,\"height\":445},{\"@type\":\"BreadcrumbList\",\"@id\":\"https:\/\/www.comunidadeativa.jor.br\/index.php\/2024\/08\/08\/seguranca-publica-foi-o-tema-da-reuniao-realizada-na-noite-de-quarta-feira-7-de-agosto-na-amoran\/#breadcrumb\",\"itemListElement\":[{\"@type\":\"ListItem\",\"position\":1,\"name\":\"In\u00edcio\",\"item\":\"https:\/\/www.comunidadeativa.jor.br\/\"},{\"@type\":\"ListItem\",\"position\":2,\"name\":\"Seguran\u00e7a p\u00fablica foi o tema da reuni\u00e3o realizada na noite de quarta-feira, 7 de agosto, na Amoran\"}]},{\"@type\":\"WebSite\",\"@id\":\"https:\/\/www.comunidadeativa.jor.br\/#website\",\"url\":\"https:\/\/www.comunidadeativa.jor.br\/\",\"name\":\"Comunidade Ativa\",\"description\":\"\",\"publisher\":{\"@id\":\"https:\/\/www.comunidadeativa.jor.br\/#organization\"},\"potentialAction\":[{\"@type\":\"SearchAction\",\"target\":{\"@type\":\"EntryPoint\",\"urlTemplate\":\"https:\/\/www.comunidadeativa.jor.br\/?s={search_term_string}\"},\"query-input\":{\"@type\":\"PropertyValueSpecification\",\"valueRequired\":true,\"valueName\":\"search_term_string\"}}],\"inLanguage\":\"pt-BR\"},{\"@type\":\"Organization\",\"@id\":\"https:\/\/www.comunidadeativa.jor.br\/#organization\",\"name\":\"Comunidade Ativa\",\"url\":\"https:\/\/www.comunidadeativa.jor.br\/\",\"logo\":{\"@type\":\"ImageObject\",\"inLanguage\":\"pt-BR\",\"@id\":\"https:\/\/www.comunidadeativa.jor.br\/#\/schema\/logo\/image\/\",\"url\":\"https:\/\/www.comunidadeativa.jor.br\/wp-content\/uploads\/2018\/03\/cropped-LOGOPNG-1.png\",\"contentUrl\":\"https:\/\/www.comunidadeativa.jor.br\/wp-content\/uploads\/2018\/03\/cropped-LOGOPNG-1.png\",\"width\":318,\"height\":90,\"caption\":\"Comunidade Ativa\"},\"image\":{\"@id\":\"https:\/\/www.comunidadeativa.jor.br\/#\/schema\/logo\/image\/\"},\"sameAs\":[\"https:\/\/www.facebook.com\/comunidadeativa\"]},{\"@type\":\"Person\",\"@id\":\"https:\/\/www.comunidadeativa.jor.br\/#\/schema\/person\/dcaa1f1c51c1f0c47a33b2b734cad6e1\",\"name\":\"Comunidade Ativa\",\"image\":{\"@type\":\"ImageObject\",\"inLanguage\":\"pt-BR\",\"@id\":\"https:\/\/www.comunidadeativa.jor.br\/#\/schema\/person\/image\/\",\"url\":\"https:\/\/secure.gravatar.com\/avatar\/09a9a1f85fedf41e81b47f7c1d40084f?s=96&d=mm&r=g\",\"contentUrl\":\"https:\/\/secure.gravatar.com\/avatar\/09a9a1f85fedf41e81b47f7c1d40084f?s=96&d=mm&r=g\",\"caption\":\"Comunidade Ativa\"},\"url\":\"https:\/\/www.comunidadeativa.jor.br\/index.php\/author\/casalberto\/\"}]}<\/script>\n<!-- \/ Yoast SEO plugin. -->","yoast_head_json":{"title":"Seguran\u00e7a p\u00fablica foi o tema da reuni\u00e3o realizada na noite de quarta-feira, 7 de agosto, na Amoran - Comunidade Ativa","robots":{"index":"index","follow":"follow","max-snippet":"max-snippet:-1","max-image-preview":"max-image-preview:large","max-video-preview":"max-video-preview:-1"},"canonical":"https:\/\/www.comunidadeativa.jor.br\/index.php\/2024\/08\/08\/seguranca-publica-foi-o-tema-da-reuniao-realizada-na-noite-de-quarta-feira-7-de-agosto-na-amoran\/","og_locale":"pt_BR","og_type":"article","og_title":"Seguran\u00e7a p\u00fablica foi o tema da reuni\u00e3o realizada na noite de quarta-feira, 7 de agosto, na Amoran - Comunidade Ativa","og_description":"Em reuni\u00e3o acontecida na Amoran na noite da quarta-feira 7 de agosto, a comunidade do Cruzeiro recebeu dos poderes p\u00fablicos","og_url":"https:\/\/www.comunidadeativa.jor.br\/index.php\/2024\/08\/08\/seguranca-publica-foi-o-tema-da-reuniao-realizada-na-noite-de-quarta-feira-7-de-agosto-na-amoran\/","og_site_name":"Comunidade Ativa","article_publisher":"https:\/\/www.facebook.com\/comunidadeativa","article_published_time":"2024-08-08T17:11:34+00:00","og_image":[{"width":800,"height":445,"url":"https:\/\/www.comunidadeativa.jor.br\/wp-content\/uploads\/2024\/08\/CAPAJORNALSITEPNG-4.png","type":"image\/png"}],"author":"Comunidade Ativa","twitter_card":"summary_large_image","twitter_misc":{"Escrito por":"Comunidade Ativa","Est. tempo de leitura":"3 minutos"},"schema":{"@context":"https:\/\/schema.org","@graph":[{"@type":"Article","@id":"https:\/\/www.comunidadeativa.jor.br\/index.php\/2024\/08\/08\/seguranca-publica-foi-o-tema-da-reuniao-realizada-na-noite-de-quarta-feira-7-de-agosto-na-amoran\/#article","isPartOf":{"@id":"https:\/\/www.comunidadeativa.jor.br\/index.php\/2024\/08\/08\/seguranca-publica-foi-o-tema-da-reuniao-realizada-na-noite-de-quarta-feira-7-de-agosto-na-amoran\/"},"author":{"name":"Comunidade Ativa","@id":"https:\/\/www.comunidadeativa.jor.br\/#\/schema\/person\/dcaa1f1c51c1f0c47a33b2b734cad6e1"},"headline":"Seguran\u00e7a p\u00fablica foi o tema da reuni\u00e3o realizada na noite de quarta-feira, 7 de agosto, na Amoran","datePublished":"2024-08-08T17:11:34+00:00","mainEntityOfPage":{"@id":"https:\/\/www.comunidadeativa.jor.br\/index.php\/2024\/08\/08\/seguranca-publica-foi-o-tema-da-reuniao-realizada-na-noite-de-quarta-feira-7-de-agosto-na-amoran\/"},"wordCount":438,"publisher":{"@id":"https:\/\/www.comunidadeativa.jor.br\/#organization"},"image":{"@id":"https:\/\/www.comunidadeativa.jor.br\/index.php\/2024\/08\/08\/seguranca-publica-foi-o-tema-da-reuniao-realizada-na-noite-de-quarta-feira-7-de-agosto-na-amoran\/#primaryimage"},"thumbnailUrl":"https:\/\/www.comunidadeativa.jor.br\/wp-content\/uploads\/2024\/08\/CAPAJORNALSITEPNG-4.png","articleSection":["Cidadania"],"inLanguage":"pt-BR"},{"@type":"WebPage","@id":"https:\/\/www.comunidadeativa.jor.br\/index.php\/2024\/08\/08\/seguranca-publica-foi-o-tema-da-reuniao-realizada-na-noite-de-quarta-feira-7-de-agosto-na-amoran\/","url":"https:\/\/www.comunidadeativa.jor.br\/index.php\/2024\/08\/08\/seguranca-publica-foi-o-tema-da-reuniao-realizada-na-noite-de-quarta-feira-7-de-agosto-na-amoran\/","name":"Seguran\u00e7a p\u00fablica foi o tema da reuni\u00e3o realizada na noite de quarta-feira, 7 de agosto, na Amoran - Comunidade Ativa","isPartOf":{"@id":"https:\/\/www.comunidadeativa.jor.br\/#website"},"primaryImageOfPage":{"@id":"https:\/\/www.comunidadeativa.jor.br\/index.php\/2024\/08\/08\/seguranca-publica-foi-o-tema-da-reuniao-realizada-na-noite-de-quarta-feira-7-de-agosto-na-amoran\/#primaryimage"},"image":{"@id":"https:\/\/www.comunidadeativa.jor.br\/index.php\/2024\/08\/08\/seguranca-publica-foi-o-tema-da-reuniao-realizada-na-noite-de-quarta-feira-7-de-agosto-na-amoran\/#primaryimage"},"thumbnailUrl":"https:\/\/www.comunidadeativa.jor.br\/wp-content\/uploads\/2024\/08\/CAPAJORNALSITEPNG-4.png","datePublished":"2024-08-08T17:11:34+00:00","breadcrumb":{"@id":"https:\/\/www.comunidadeativa.jor.br\/index.php\/2024\/08\/08\/seguranca-publica-foi-o-tema-da-reuniao-realizada-na-noite-de-quarta-feira-7-de-agosto-na-amoran\/#breadcrumb"},"inLanguage":"pt-BR","potentialAction":[{"@type":"ReadAction","target":["https:\/\/www.comunidadeativa.jor.br\/index.php\/2024\/08\/08\/seguranca-publica-foi-o-tema-da-reuniao-realizada-na-noite-de-quarta-feira-7-de-agosto-na-amoran\/"]}]},{"@type":"ImageObject","inLanguage":"pt-BR","@id":"https:\/\/www.comunidadeativa.jor.br\/index.php\/2024\/08\/08\/seguranca-publica-foi-o-tema-da-reuniao-realizada-na-noite-de-quarta-feira-7-de-agosto-na-amoran\/#primaryimage","url":"https:\/\/www.comunidadeativa.jor.br\/wp-content\/uploads\/2024\/08\/CAPAJORNALSITEPNG-4.png","contentUrl":"https:\/\/www.comunidadeativa.jor.br\/wp-content\/uploads\/2024\/08\/CAPAJORNALSITEPNG-4.png","width":800,"height":445},{"@type":"BreadcrumbList","@id":"https:\/\/www.comunidadeativa.jor.br\/index.php\/2024\/08\/08\/seguranca-publica-foi-o-tema-da-reuniao-realizada-na-noite-de-quarta-feira-7-de-agosto-na-amoran\/#breadcrumb","itemListElement":[{"@type":"ListItem","position":1,"name":"In\u00edcio","item":"https:\/\/www.comunidadeativa.jor.br\/"},{"@type":"ListItem","position":2,"name":"Seguran\u00e7a p\u00fablica foi o tema da reuni\u00e3o realizada na noite de quarta-feira, 7 de agosto, na Amoran"}]},{"@type":"WebSite","@id":"https:\/\/www.comunidadeativa.jor.br\/#website","url":"https:\/\/www.comunidadeativa.jor.br\/","name":"Comunidade Ativa","description":"","publisher":{"@id":"https:\/\/www.comunidadeativa.jor.br\/#organization"},"potentialAction":[{"@type":"SearchAction","target":{"@type":"EntryPoint","urlTemplate":"https:\/\/www.comunidadeativa.jor.br\/?s={search_term_string}"},"query-input":{"@type":"PropertyValueSpecification","valueRequired":true,"valueName":"search_term_string"}}],"inLanguage":"pt-BR"},{"@type":"Organization","@id":"https:\/\/www.comunidadeativa.jor.br\/#organization","name":"Comunidade Ativa","url":"https:\/\/www.comunidadeativa.jor.br\/","logo":{"@type":"ImageObject","inLanguage":"pt-BR","@id":"https:\/\/www.comunidadeativa.jor.br\/#\/schema\/logo\/image\/","url":"https:\/\/www.comunidadeativa.jor.br\/wp-content\/uploads\/2018\/03\/cropped-LOGOPNG-1.png","contentUrl":"https:\/\/www.comunidadeativa.jor.br\/wp-content\/uploads\/2018\/03\/cropped-LOGOPNG-1.png","width":318,"height":90,"caption":"Comunidade Ativa"},"image":{"@id":"https:\/\/www.comunidadeativa.jor.br\/#\/schema\/logo\/image\/"},"sameAs":["https:\/\/www.facebook.com\/comunidadeativa"]},{"@type":"Person","@id":"https:\/\/www.comunidadeativa.jor.br\/#\/schema\/person\/dcaa1f1c51c1f0c47a33b2b734cad6e1","name":"Comunidade Ativa","image":{"@type":"ImageObject","inLanguage":"pt-BR","@id":"https:\/\/www.comunidadeativa.jor.br\/#\/schema\/person\/image\/","url":"https:\/\/secure.gravatar.com\/avatar\/09a9a1f85fedf41e81b47f7c1d40084f?s=96&d=mm&r=g","contentUrl":"https:\/\/secure.gravatar.com\/avatar\/09a9a1f85fedf41e81b47f7c1d40084f?s=96&d=mm&r=g","caption":"Comunidade Ativa"},"url":"https:\/\/www.comunidadeativa.jor.br\/index.php\/author\/casalberto\/"}]}},"_links":{"self":[{"href":"https:\/\/www.comunidadeativa.jor.br\/index.php\/wp-json\/wp\/v2\/posts\/4526","targetHints":{"allow":["GET"]}}],"collection":[{"href":"https:\/\/www.comunidadeativa.jor.br\/index.php\/wp-json\/wp\/v2\/posts"}],"about":[{"href":"https:\/\/www.comunidadeativa.jor.br\/index.php\/wp-json\/wp\/v2\/types\/post"}],"author":[{"embeddable":true,"href":"https:\/\/www.comunidadeativa.jor.br\/index.php\/wp-json\/wp\/v2\/users\/1"}],"replies":[{"embeddable":true,"href":"https:\/\/www.comunidadeativa.jor.br\/index.php\/wp-json\/wp\/v2\/comments?post=4526"}],"version-history":[{"count":1,"href":"https:\/\/www.comunidadeativa.jor.br\/index.php\/wp-json\/wp\/v2\/posts\/4526\/revisions"}],"predecessor-version":[{"id":4528,"href":"https:\/\/www.comunidadeativa.jor.br\/index.php\/wp-json\/wp\/v2\/posts\/4526\/revisions\/4528"}],"wp:featuredmedia":[{"embeddable":true,"href":"https:\/\/www.comunidadeativa.jor.br\/index.php\/wp-json\/wp\/v2\/media\/4527"}],"wp:attachment":[{"href":"https:\/\/www.comunidadeativa.jor.br\/index.php\/wp-json\/wp\/v2\/media?parent=4526"}],"wp:term":[{"taxonomy":"category","embeddable":true,"href":"https:\/\/www.comunidadeativa.jor.br\/index.php\/wp-json\/wp\/v2\/categories?post=4526"},{"taxonomy":"post_tag","embeddable":true,"href":"https:\/\/www.comunidadeativa.jor.br\/index.php\/wp-json\/wp\/v2\/tags?post=4526"}],"curies":[{"name":"wp","href":"https:\/\/api.w.org\/{rel}","templated":true}]}}