{"id":4575,"date":"2024-09-28T09:54:57","date_gmt":"2024-09-28T12:54:57","guid":{"rendered":"https:\/\/www.comunidadeativa.jor.br\/?p=4575"},"modified":"2024-09-27T11:17:02","modified_gmt":"2024-09-27T14:17:02","slug":"a-categoria-dos-inquilinos-do-nao-por-diorela-kelles","status":"publish","type":"post","link":"https:\/\/www.comunidadeativa.jor.br\/index.php\/2024\/09\/28\/a-categoria-dos-inquilinos-do-nao-por-diorela-kelles\/","title":{"rendered":"A categoria dos inquilinos do n\u00e3o &#8211; por Diorela Kelles"},"content":{"rendered":"<p><em>por Diorela Kelles*<\/em><\/p>\n<p>Descobri uma nova categoria de pessoas e me divirto tentando descobrir quem nela se encaixa, quem para ela est\u00e1 indo e quem dela est\u00e1 saindo. Falo das pessoas que nunca est\u00e3o dispon\u00edveis para fazer nada que n\u00e3o seja delas ou para elas. Refiro-me \u00e0s pessoas que habitam um lugar completamente controlado por elas mesmas e n\u00e3o se prestam a mudar isso nem por um dia.<\/p>\n<p>S\u00e3o in\u00fameras as raz\u00f5es pelas quais as pessoas entram para esse grupo: timidez, cansa\u00e7o, decep\u00e7\u00e3o etc. O fato \u00e9 que entendi que as pessoas que caem nesse grupo dificilmente v\u00e3o aceitar um convite para algo que possa provocar uma varia\u00e7\u00e3o na vida. E como eu sou (ou era) uma pessoa de convites, isso me causava estranhamento. At\u00e9 que parei.<\/p>\n<p>Parei de convidar os inquilinos do n\u00e3o. Os eternos indispon\u00edveis. Eles est\u00e3o l\u00e1, morando em suas pr\u00f3prias raz\u00f5es. Entendi que \u00e9 in\u00fatil for\u00e7ar, mas sigo deixando as portas abertas, o que \u00e9 bem diferente.<\/p>\n<p>Recentemente fiz o teste de passar 10 dias sem convidar ningu\u00e9m para nada. Estranhamente, foi a fase em que eu mais recebi convites, inclusive, lindos e inusitados! Convite para tomar caf\u00e9 com leite diretamente da vaca, convite para trabalhos diferentes, convite para conhecer gente famosa, convite para caminhadas, convite para dar opini\u00e3o!<\/p>\n<p>Ser\u00e1 que convidar demais estava me impedindo de ser convidada, me questionei? N\u00e3o faz sentido. Pode ter sido apenas um retorno de anos de convites negados que gerei. Fato \u00e9 que respondi \u201csim\u201d para quase tudo que podia e, ao contr\u00e1rio do livro<em> O ano do sim<\/em>, de Shonda Rhimes, a mesma de <em>Grey&#8217;s Anatomy<\/em>, nem todo \u201csim\u201d foi libertador para mim. Alguns me deram muita exaust\u00e3o, mas nenhum deles me deu arrependimento, o que considero positivo.<\/p>\n<p>Entendo a import\u00e2ncia de falar \u201cn\u00e3o\u201d. Nos nossos encontros de vizinhos, este j\u00e1 foi um tema abordado mais de uma vez. Falar \u201cn\u00e3o\u201d \u00e9 uma grande liberta\u00e7\u00e3o, principalmente para a mulher. Mas morar nele n\u00e3o.<\/p>\n<p>Criar uma redoma da sua pr\u00f3pria vida e n\u00e3o prestigiar a sua comunidade com o que ela tem para oferecer gera um universo de bolhas muito rasas entre n\u00f3s. O mundo se apeque- na. Um pouquinho de sim, um pouquinho de n\u00e3o. Isto seria o ideal. Incluindo uma pitada de convites pr\u00f3prios tamb\u00e9m.<\/p>\n<p>Priorizar os seus projetos, mas n\u00e3o negar a exist\u00eancia e a sua import\u00e2ncia para os projetos dos outros. Ser aplaudido e aplaudir. Ir aos lan\u00e7amentos, \u00e0s exposi\u00e7\u00f5es dos amigos, \u00e0s noites de vinho que n\u00e3o s\u00e3o feitas para voc\u00ea e at\u00e9 aos ve-l\u00f3rios. De alguma forma, ser o coadjuvante tamb\u00e9m faz parte da constru\u00e7\u00e3o da nossa hist\u00f3ria e da nossa sociedade.<\/p>\n<p>&nbsp;<\/p>\n<p>*<em>Redatora, advogada e atriz, Diorela \u00e9 entusiasta do direito \u00e0 cidade (<a href=\"https:\/\/www.instagram.com\/vistadacidade\">@vistadacidade<\/a>)<\/em><\/p>\n","protected":false},"excerpt":{"rendered":"<p>por Diorela Kelles* Descobri uma nova categoria de pessoas e me divirto tentando descobrir quem nela se encaixa, quem para<\/p>\n","protected":false},"author":1,"featured_media":4578,"comment_status":"closed","ping_status":"open","sticky":false,"template":"","format":"standard","meta":{"footnotes":""},"categories":[12],"tags":[],"class_list":["post-4575","post","type-post","status-publish","format-standard","has-post-thumbnail","hentry","category-cidadania"],"yoast_head":"<!-- This site is optimized with the Yoast SEO plugin v26.0 - https:\/\/yoast.com\/wordpress\/plugins\/seo\/ -->\n<title>A categoria dos inquilinos do n\u00e3o - por Diorela Kelles - Comunidade Ativa<\/title>\n<meta name=\"robots\" content=\"index, follow, max-snippet:-1, max-image-preview:large, max-video-preview:-1\" \/>\n<link rel=\"canonical\" href=\"https:\/\/www.comunidadeativa.jor.br\/index.php\/2024\/09\/28\/a-categoria-dos-inquilinos-do-nao-por-diorela-kelles\/\" \/>\n<meta property=\"og:locale\" content=\"pt_BR\" \/>\n<meta property=\"og:type\" content=\"article\" \/>\n<meta property=\"og:title\" content=\"A categoria dos inquilinos do n\u00e3o - por Diorela Kelles - Comunidade Ativa\" \/>\n<meta property=\"og:description\" content=\"por Diorela Kelles* Descobri uma nova categoria de pessoas e me divirto tentando descobrir quem nela se encaixa, quem para\" \/>\n<meta property=\"og:url\" content=\"https:\/\/www.comunidadeativa.jor.br\/index.php\/2024\/09\/28\/a-categoria-dos-inquilinos-do-nao-por-diorela-kelles\/\" \/>\n<meta property=\"og:site_name\" content=\"Comunidade Ativa\" \/>\n<meta property=\"article:publisher\" content=\"https:\/\/www.facebook.com\/comunidadeativa\" \/>\n<meta property=\"article:published_time\" content=\"2024-09-28T12:54:57+00:00\" \/>\n<meta property=\"og:image\" content=\"https:\/\/www.comunidadeativa.jor.br\/wp-content\/uploads\/2024\/09\/capacapa.png\" \/>\n\t<meta property=\"og:image:width\" content=\"800\" \/>\n\t<meta property=\"og:image:height\" content=\"445\" \/>\n\t<meta property=\"og:image:type\" content=\"image\/png\" \/>\n<meta name=\"author\" content=\"Comunidade Ativa\" \/>\n<meta name=\"twitter:card\" content=\"summary_large_image\" \/>\n<meta name=\"twitter:label1\" content=\"Escrito por\" \/>\n\t<meta name=\"twitter:data1\" content=\"Comunidade Ativa\" \/>\n\t<meta name=\"twitter:label2\" content=\"Est. tempo de leitura\" \/>\n\t<meta name=\"twitter:data2\" content=\"3 minutos\" \/>\n<script type=\"application\/ld+json\" class=\"yoast-schema-graph\">{\"@context\":\"https:\/\/schema.org\",\"@graph\":[{\"@type\":\"Article\",\"@id\":\"https:\/\/www.comunidadeativa.jor.br\/index.php\/2024\/09\/28\/a-categoria-dos-inquilinos-do-nao-por-diorela-kelles\/#article\",\"isPartOf\":{\"@id\":\"https:\/\/www.comunidadeativa.jor.br\/index.php\/2024\/09\/28\/a-categoria-dos-inquilinos-do-nao-por-diorela-kelles\/\"},\"author\":{\"name\":\"Comunidade Ativa\",\"@id\":\"https:\/\/www.comunidadeativa.jor.br\/#\/schema\/person\/dcaa1f1c51c1f0c47a33b2b734cad6e1\"},\"headline\":\"A categoria dos inquilinos do n\u00e3o &#8211; por Diorela Kelles\",\"datePublished\":\"2024-09-28T12:54:57+00:00\",\"mainEntityOfPage\":{\"@id\":\"https:\/\/www.comunidadeativa.jor.br\/index.php\/2024\/09\/28\/a-categoria-dos-inquilinos-do-nao-por-diorela-kelles\/\"},\"wordCount\":501,\"publisher\":{\"@id\":\"https:\/\/www.comunidadeativa.jor.br\/#organization\"},\"image\":{\"@id\":\"https:\/\/www.comunidadeativa.jor.br\/index.php\/2024\/09\/28\/a-categoria-dos-inquilinos-do-nao-por-diorela-kelles\/#primaryimage\"},\"thumbnailUrl\":\"https:\/\/www.comunidadeativa.jor.br\/wp-content\/uploads\/2024\/09\/capacapa.png\",\"articleSection\":[\"Cidadania\"],\"inLanguage\":\"pt-BR\"},{\"@type\":\"WebPage\",\"@id\":\"https:\/\/www.comunidadeativa.jor.br\/index.php\/2024\/09\/28\/a-categoria-dos-inquilinos-do-nao-por-diorela-kelles\/\",\"url\":\"https:\/\/www.comunidadeativa.jor.br\/index.php\/2024\/09\/28\/a-categoria-dos-inquilinos-do-nao-por-diorela-kelles\/\",\"name\":\"A categoria dos inquilinos do n\u00e3o - por Diorela Kelles - Comunidade Ativa\",\"isPartOf\":{\"@id\":\"https:\/\/www.comunidadeativa.jor.br\/#website\"},\"primaryImageOfPage\":{\"@id\":\"https:\/\/www.comunidadeativa.jor.br\/index.php\/2024\/09\/28\/a-categoria-dos-inquilinos-do-nao-por-diorela-kelles\/#primaryimage\"},\"image\":{\"@id\":\"https:\/\/www.comunidadeativa.jor.br\/index.php\/2024\/09\/28\/a-categoria-dos-inquilinos-do-nao-por-diorela-kelles\/#primaryimage\"},\"thumbnailUrl\":\"https:\/\/www.comunidadeativa.jor.br\/wp-content\/uploads\/2024\/09\/capacapa.png\",\"datePublished\":\"2024-09-28T12:54:57+00:00\",\"breadcrumb\":{\"@id\":\"https:\/\/www.comunidadeativa.jor.br\/index.php\/2024\/09\/28\/a-categoria-dos-inquilinos-do-nao-por-diorela-kelles\/#breadcrumb\"},\"inLanguage\":\"pt-BR\",\"potentialAction\":[{\"@type\":\"ReadAction\",\"target\":[\"https:\/\/www.comunidadeativa.jor.br\/index.php\/2024\/09\/28\/a-categoria-dos-inquilinos-do-nao-por-diorela-kelles\/\"]}]},{\"@type\":\"ImageObject\",\"inLanguage\":\"pt-BR\",\"@id\":\"https:\/\/www.comunidadeativa.jor.br\/index.php\/2024\/09\/28\/a-categoria-dos-inquilinos-do-nao-por-diorela-kelles\/#primaryimage\",\"url\":\"https:\/\/www.comunidadeativa.jor.br\/wp-content\/uploads\/2024\/09\/capacapa.png\",\"contentUrl\":\"https:\/\/www.comunidadeativa.jor.br\/wp-content\/uploads\/2024\/09\/capacapa.png\",\"width\":800,\"height\":445},{\"@type\":\"BreadcrumbList\",\"@id\":\"https:\/\/www.comunidadeativa.jor.br\/index.php\/2024\/09\/28\/a-categoria-dos-inquilinos-do-nao-por-diorela-kelles\/#breadcrumb\",\"itemListElement\":[{\"@type\":\"ListItem\",\"position\":1,\"name\":\"In\u00edcio\",\"item\":\"https:\/\/www.comunidadeativa.jor.br\/\"},{\"@type\":\"ListItem\",\"position\":2,\"name\":\"A categoria dos inquilinos do n\u00e3o &#8211; por Diorela Kelles\"}]},{\"@type\":\"WebSite\",\"@id\":\"https:\/\/www.comunidadeativa.jor.br\/#website\",\"url\":\"https:\/\/www.comunidadeativa.jor.br\/\",\"name\":\"Comunidade Ativa\",\"description\":\"\",\"publisher\":{\"@id\":\"https:\/\/www.comunidadeativa.jor.br\/#organization\"},\"potentialAction\":[{\"@type\":\"SearchAction\",\"target\":{\"@type\":\"EntryPoint\",\"urlTemplate\":\"https:\/\/www.comunidadeativa.jor.br\/?s={search_term_string}\"},\"query-input\":{\"@type\":\"PropertyValueSpecification\",\"valueRequired\":true,\"valueName\":\"search_term_string\"}}],\"inLanguage\":\"pt-BR\"},{\"@type\":\"Organization\",\"@id\":\"https:\/\/www.comunidadeativa.jor.br\/#organization\",\"name\":\"Comunidade Ativa\",\"url\":\"https:\/\/www.comunidadeativa.jor.br\/\",\"logo\":{\"@type\":\"ImageObject\",\"inLanguage\":\"pt-BR\",\"@id\":\"https:\/\/www.comunidadeativa.jor.br\/#\/schema\/logo\/image\/\",\"url\":\"https:\/\/www.comunidadeativa.jor.br\/wp-content\/uploads\/2018\/03\/cropped-LOGOPNG-1.png\",\"contentUrl\":\"https:\/\/www.comunidadeativa.jor.br\/wp-content\/uploads\/2018\/03\/cropped-LOGOPNG-1.png\",\"width\":318,\"height\":90,\"caption\":\"Comunidade Ativa\"},\"image\":{\"@id\":\"https:\/\/www.comunidadeativa.jor.br\/#\/schema\/logo\/image\/\"},\"sameAs\":[\"https:\/\/www.facebook.com\/comunidadeativa\"]},{\"@type\":\"Person\",\"@id\":\"https:\/\/www.comunidadeativa.jor.br\/#\/schema\/person\/dcaa1f1c51c1f0c47a33b2b734cad6e1\",\"name\":\"Comunidade Ativa\",\"image\":{\"@type\":\"ImageObject\",\"inLanguage\":\"pt-BR\",\"@id\":\"https:\/\/www.comunidadeativa.jor.br\/#\/schema\/person\/image\/\",\"url\":\"https:\/\/secure.gravatar.com\/avatar\/09a9a1f85fedf41e81b47f7c1d40084f?s=96&d=mm&r=g\",\"contentUrl\":\"https:\/\/secure.gravatar.com\/avatar\/09a9a1f85fedf41e81b47f7c1d40084f?s=96&d=mm&r=g\",\"caption\":\"Comunidade Ativa\"},\"url\":\"https:\/\/www.comunidadeativa.jor.br\/index.php\/author\/casalberto\/\"}]}<\/script>\n<!-- \/ Yoast SEO plugin. -->","yoast_head_json":{"title":"A categoria dos inquilinos do n\u00e3o - por Diorela Kelles - Comunidade Ativa","robots":{"index":"index","follow":"follow","max-snippet":"max-snippet:-1","max-image-preview":"max-image-preview:large","max-video-preview":"max-video-preview:-1"},"canonical":"https:\/\/www.comunidadeativa.jor.br\/index.php\/2024\/09\/28\/a-categoria-dos-inquilinos-do-nao-por-diorela-kelles\/","og_locale":"pt_BR","og_type":"article","og_title":"A categoria dos inquilinos do n\u00e3o - por Diorela Kelles - Comunidade Ativa","og_description":"por Diorela Kelles* Descobri uma nova categoria de pessoas e me divirto tentando descobrir quem nela se encaixa, quem para","og_url":"https:\/\/www.comunidadeativa.jor.br\/index.php\/2024\/09\/28\/a-categoria-dos-inquilinos-do-nao-por-diorela-kelles\/","og_site_name":"Comunidade Ativa","article_publisher":"https:\/\/www.facebook.com\/comunidadeativa","article_published_time":"2024-09-28T12:54:57+00:00","og_image":[{"width":800,"height":445,"url":"https:\/\/www.comunidadeativa.jor.br\/wp-content\/uploads\/2024\/09\/capacapa.png","type":"image\/png"}],"author":"Comunidade Ativa","twitter_card":"summary_large_image","twitter_misc":{"Escrito por":"Comunidade Ativa","Est. tempo de leitura":"3 minutos"},"schema":{"@context":"https:\/\/schema.org","@graph":[{"@type":"Article","@id":"https:\/\/www.comunidadeativa.jor.br\/index.php\/2024\/09\/28\/a-categoria-dos-inquilinos-do-nao-por-diorela-kelles\/#article","isPartOf":{"@id":"https:\/\/www.comunidadeativa.jor.br\/index.php\/2024\/09\/28\/a-categoria-dos-inquilinos-do-nao-por-diorela-kelles\/"},"author":{"name":"Comunidade Ativa","@id":"https:\/\/www.comunidadeativa.jor.br\/#\/schema\/person\/dcaa1f1c51c1f0c47a33b2b734cad6e1"},"headline":"A categoria dos inquilinos do n\u00e3o &#8211; por Diorela Kelles","datePublished":"2024-09-28T12:54:57+00:00","mainEntityOfPage":{"@id":"https:\/\/www.comunidadeativa.jor.br\/index.php\/2024\/09\/28\/a-categoria-dos-inquilinos-do-nao-por-diorela-kelles\/"},"wordCount":501,"publisher":{"@id":"https:\/\/www.comunidadeativa.jor.br\/#organization"},"image":{"@id":"https:\/\/www.comunidadeativa.jor.br\/index.php\/2024\/09\/28\/a-categoria-dos-inquilinos-do-nao-por-diorela-kelles\/#primaryimage"},"thumbnailUrl":"https:\/\/www.comunidadeativa.jor.br\/wp-content\/uploads\/2024\/09\/capacapa.png","articleSection":["Cidadania"],"inLanguage":"pt-BR"},{"@type":"WebPage","@id":"https:\/\/www.comunidadeativa.jor.br\/index.php\/2024\/09\/28\/a-categoria-dos-inquilinos-do-nao-por-diorela-kelles\/","url":"https:\/\/www.comunidadeativa.jor.br\/index.php\/2024\/09\/28\/a-categoria-dos-inquilinos-do-nao-por-diorela-kelles\/","name":"A categoria dos inquilinos do n\u00e3o - por Diorela Kelles - Comunidade Ativa","isPartOf":{"@id":"https:\/\/www.comunidadeativa.jor.br\/#website"},"primaryImageOfPage":{"@id":"https:\/\/www.comunidadeativa.jor.br\/index.php\/2024\/09\/28\/a-categoria-dos-inquilinos-do-nao-por-diorela-kelles\/#primaryimage"},"image":{"@id":"https:\/\/www.comunidadeativa.jor.br\/index.php\/2024\/09\/28\/a-categoria-dos-inquilinos-do-nao-por-diorela-kelles\/#primaryimage"},"thumbnailUrl":"https:\/\/www.comunidadeativa.jor.br\/wp-content\/uploads\/2024\/09\/capacapa.png","datePublished":"2024-09-28T12:54:57+00:00","breadcrumb":{"@id":"https:\/\/www.comunidadeativa.jor.br\/index.php\/2024\/09\/28\/a-categoria-dos-inquilinos-do-nao-por-diorela-kelles\/#breadcrumb"},"inLanguage":"pt-BR","potentialAction":[{"@type":"ReadAction","target":["https:\/\/www.comunidadeativa.jor.br\/index.php\/2024\/09\/28\/a-categoria-dos-inquilinos-do-nao-por-diorela-kelles\/"]}]},{"@type":"ImageObject","inLanguage":"pt-BR","@id":"https:\/\/www.comunidadeativa.jor.br\/index.php\/2024\/09\/28\/a-categoria-dos-inquilinos-do-nao-por-diorela-kelles\/#primaryimage","url":"https:\/\/www.comunidadeativa.jor.br\/wp-content\/uploads\/2024\/09\/capacapa.png","contentUrl":"https:\/\/www.comunidadeativa.jor.br\/wp-content\/uploads\/2024\/09\/capacapa.png","width":800,"height":445},{"@type":"BreadcrumbList","@id":"https:\/\/www.comunidadeativa.jor.br\/index.php\/2024\/09\/28\/a-categoria-dos-inquilinos-do-nao-por-diorela-kelles\/#breadcrumb","itemListElement":[{"@type":"ListItem","position":1,"name":"In\u00edcio","item":"https:\/\/www.comunidadeativa.jor.br\/"},{"@type":"ListItem","position":2,"name":"A categoria dos inquilinos do n\u00e3o &#8211; por Diorela Kelles"}]},{"@type":"WebSite","@id":"https:\/\/www.comunidadeativa.jor.br\/#website","url":"https:\/\/www.comunidadeativa.jor.br\/","name":"Comunidade Ativa","description":"","publisher":{"@id":"https:\/\/www.comunidadeativa.jor.br\/#organization"},"potentialAction":[{"@type":"SearchAction","target":{"@type":"EntryPoint","urlTemplate":"https:\/\/www.comunidadeativa.jor.br\/?s={search_term_string}"},"query-input":{"@type":"PropertyValueSpecification","valueRequired":true,"valueName":"search_term_string"}}],"inLanguage":"pt-BR"},{"@type":"Organization","@id":"https:\/\/www.comunidadeativa.jor.br\/#organization","name":"Comunidade Ativa","url":"https:\/\/www.comunidadeativa.jor.br\/","logo":{"@type":"ImageObject","inLanguage":"pt-BR","@id":"https:\/\/www.comunidadeativa.jor.br\/#\/schema\/logo\/image\/","url":"https:\/\/www.comunidadeativa.jor.br\/wp-content\/uploads\/2018\/03\/cropped-LOGOPNG-1.png","contentUrl":"https:\/\/www.comunidadeativa.jor.br\/wp-content\/uploads\/2018\/03\/cropped-LOGOPNG-1.png","width":318,"height":90,"caption":"Comunidade Ativa"},"image":{"@id":"https:\/\/www.comunidadeativa.jor.br\/#\/schema\/logo\/image\/"},"sameAs":["https:\/\/www.facebook.com\/comunidadeativa"]},{"@type":"Person","@id":"https:\/\/www.comunidadeativa.jor.br\/#\/schema\/person\/dcaa1f1c51c1f0c47a33b2b734cad6e1","name":"Comunidade Ativa","image":{"@type":"ImageObject","inLanguage":"pt-BR","@id":"https:\/\/www.comunidadeativa.jor.br\/#\/schema\/person\/image\/","url":"https:\/\/secure.gravatar.com\/avatar\/09a9a1f85fedf41e81b47f7c1d40084f?s=96&d=mm&r=g","contentUrl":"https:\/\/secure.gravatar.com\/avatar\/09a9a1f85fedf41e81b47f7c1d40084f?s=96&d=mm&r=g","caption":"Comunidade Ativa"},"url":"https:\/\/www.comunidadeativa.jor.br\/index.php\/author\/casalberto\/"}]}},"_links":{"self":[{"href":"https:\/\/www.comunidadeativa.jor.br\/index.php\/wp-json\/wp\/v2\/posts\/4575","targetHints":{"allow":["GET"]}}],"collection":[{"href":"https:\/\/www.comunidadeativa.jor.br\/index.php\/wp-json\/wp\/v2\/posts"}],"about":[{"href":"https:\/\/www.comunidadeativa.jor.br\/index.php\/wp-json\/wp\/v2\/types\/post"}],"author":[{"embeddable":true,"href":"https:\/\/www.comunidadeativa.jor.br\/index.php\/wp-json\/wp\/v2\/users\/1"}],"replies":[{"embeddable":true,"href":"https:\/\/www.comunidadeativa.jor.br\/index.php\/wp-json\/wp\/v2\/comments?post=4575"}],"version-history":[{"count":1,"href":"https:\/\/www.comunidadeativa.jor.br\/index.php\/wp-json\/wp\/v2\/posts\/4575\/revisions"}],"predecessor-version":[{"id":4579,"href":"https:\/\/www.comunidadeativa.jor.br\/index.php\/wp-json\/wp\/v2\/posts\/4575\/revisions\/4579"}],"wp:featuredmedia":[{"embeddable":true,"href":"https:\/\/www.comunidadeativa.jor.br\/index.php\/wp-json\/wp\/v2\/media\/4578"}],"wp:attachment":[{"href":"https:\/\/www.comunidadeativa.jor.br\/index.php\/wp-json\/wp\/v2\/media?parent=4575"}],"wp:term":[{"taxonomy":"category","embeddable":true,"href":"https:\/\/www.comunidadeativa.jor.br\/index.php\/wp-json\/wp\/v2\/categories?post=4575"},{"taxonomy":"post_tag","embeddable":true,"href":"https:\/\/www.comunidadeativa.jor.br\/index.php\/wp-json\/wp\/v2\/tags?post=4575"}],"curies":[{"name":"wp","href":"https:\/\/api.w.org\/{rel}","templated":true}]}}