{"id":4580,"date":"2024-10-06T09:17:17","date_gmt":"2024-10-06T12:17:17","guid":{"rendered":"https:\/\/www.comunidadeativa.jor.br\/?p=4580"},"modified":"2024-10-04T17:38:03","modified_gmt":"2024-10-04T20:38:03","slug":"editorial-a-sua-acao-apos-as-eleicoes","status":"publish","type":"post","link":"https:\/\/www.comunidadeativa.jor.br\/index.php\/2024\/10\/06\/editorial-a-sua-acao-apos-as-eleicoes\/","title":{"rendered":"Editorial: O que podemos fazer para continuarmos agindo em benef\u00edcio da nossa regi\u00e3o ap\u00f3s as elei\u00e7\u00f5es"},"content":{"rendered":"<p><em>Carlos Alberto Rocha*<\/em><\/p>\n<p>Finalmente, o\u2008dia 6 de outubro chegou, nos trazendo nova oportunidade para interferirmos nos destinos de Belo Horizonte e, de forma especial, no futuro do lugar onde vivemos. Sendo assim, volto ao assunto das Elei\u00e7\u00f5es 2024, mas com uma abordagem diferente.<\/p>\n<p>Em vez de chamar a aten\u00e7\u00e3o para candidatos e candidatas que tenham compromisso com a nossa regi\u00e3o, o que fiz na edi\u00e7\u00e3o de junho, e no lugar de listar os problemas que precisar\u00e3o ser enfrentados por quem vencer os pleitos, como listei na edi\u00e7\u00e3o passada, agora venho destacar o papel que, n\u00f3s, eleitores, podemos exercer tamb\u00e9m ap\u00f3s o processo eleitoral.<\/p>\n<h5>N\u00e3o acomodar<\/h5>\n<p>Afinal, somos n\u00f3s que, c\u00e1 na ponta, enfrentamos os problemas da cidade e somos n\u00f3s que devemos, o tempo todo, apont\u00e1-los para os agentes p\u00fablicos e pressionar para que eles sejam solucionados. Portanto, ap\u00f3s elegermos os tais agentes, n\u00e3o podemos nos acomodar, aguardando outros quatros anos para voltarmos a agir na defesa de Belo Horizonte.<\/p>\n<p>Mesmo que os candidatos ou as candidatas em quem votarmos n\u00e3o ven\u00e7am as elei\u00e7\u00f5es, temos que atuar de forma direta sobre quem se eleger, cobrando o atendimento das nossas demandas. Ou seja, ap\u00f3s as elei\u00e7\u00f5es, \u00e9 importante continuarmos exercendo a cidadania, apresentando continuamente as nossas insatisfa\u00e7\u00f5es ao poder p\u00fablico.<\/p>\n<p>Mais do que isso, devemos cobrar insistentemente para que elas sejam consideradas nas tomadas de decis\u00f5es do Munic\u00edpio.<\/p>\n<h5>Com uni\u00e3o \u00e9 melhor<\/h5>\n<p>Claro que cada um pode fazer isso individualmente, o que, inclusive, \u00e9 muito importante que seja feito. Entretanto, agindo de maneira organizada, reunidos em uma associa\u00e7\u00e3o, como \u00e9 a Amoran, conseguimos amplificar as nossas vozes, aumentando a possibilidade de elas serem ouvidas. Ainda, conseguimos atuar com maior proximidade junto ao Legislativo Municipal e junto aos v\u00e1rios \u00f3rg\u00e3os do Executivo, ampliando a nossa capacidade de influenciar os destinos de BH e dos bairros onde vivemos.<\/p>\n<p>Desta forma, tamb\u00e9m ap\u00f3s as elei\u00e7\u00f5es, voc\u00ea poder\u00e1 continuar interferindo positivamente no futuro da nossa regi\u00e3o. Com certeza, pra isso, voc\u00ea poder\u00e1 continuar contando com a Amoran, que, h\u00e1 36 anos, age nesse sentido.<\/p>\n<p><em>*Carlos Alberto \u00e9 jornalista, editor do Comunidade Ativa e presidente da Amoran<\/em><\/p>\n","protected":false},"excerpt":{"rendered":"<p>Carlos Alberto Rocha* Finalmente, o\u2008dia 6 de outubro chegou, nos trazendo nova oportunidade para interferirmos nos destinos de Belo Horizonte<\/p>\n","protected":false},"author":1,"featured_media":4610,"comment_status":"closed","ping_status":"open","sticky":false,"template":"","format":"standard","meta":{"footnotes":""},"categories":[12],"tags":[],"class_list":["post-4580","post","type-post","status-publish","format-standard","has-post-thumbnail","hentry","category-cidadania"],"yoast_head":"<!-- This site is optimized with the Yoast SEO plugin v26.0 - https:\/\/yoast.com\/wordpress\/plugins\/seo\/ -->\n<title>Editorial: O que podemos fazer para continuarmos agindo em benef\u00edcio da nossa regi\u00e3o ap\u00f3s as elei\u00e7\u00f5es - Comunidade Ativa<\/title>\n<meta name=\"robots\" content=\"index, follow, max-snippet:-1, max-image-preview:large, max-video-preview:-1\" \/>\n<link rel=\"canonical\" href=\"https:\/\/www.comunidadeativa.jor.br\/index.php\/2024\/10\/06\/editorial-a-sua-acao-apos-as-eleicoes\/\" \/>\n<meta property=\"og:locale\" content=\"pt_BR\" \/>\n<meta property=\"og:type\" content=\"article\" \/>\n<meta property=\"og:title\" content=\"Editorial: O que podemos fazer para continuarmos agindo em benef\u00edcio da nossa regi\u00e3o ap\u00f3s as elei\u00e7\u00f5es - Comunidade Ativa\" \/>\n<meta property=\"og:description\" content=\"Carlos Alberto Rocha* Finalmente, o\u2008dia 6 de outubro chegou, nos trazendo nova oportunidade para interferirmos nos destinos de Belo Horizonte\" \/>\n<meta property=\"og:url\" content=\"https:\/\/www.comunidadeativa.jor.br\/index.php\/2024\/10\/06\/editorial-a-sua-acao-apos-as-eleicoes\/\" \/>\n<meta property=\"og:site_name\" content=\"Comunidade Ativa\" \/>\n<meta property=\"article:publisher\" content=\"https:\/\/www.facebook.com\/comunidadeativa\" \/>\n<meta property=\"article:published_time\" content=\"2024-10-06T12:17:17+00:00\" \/>\n<meta property=\"og:image\" content=\"https:\/\/www.comunidadeativa.jor.br\/wp-content\/uploads\/2024\/10\/CAPAJORNALSITEPNG-1.png\" \/>\n\t<meta property=\"og:image:width\" content=\"800\" \/>\n\t<meta property=\"og:image:height\" content=\"445\" \/>\n\t<meta property=\"og:image:type\" content=\"image\/png\" \/>\n<meta name=\"author\" content=\"Comunidade Ativa\" \/>\n<meta name=\"twitter:card\" content=\"summary_large_image\" \/>\n<meta name=\"twitter:label1\" content=\"Escrito por\" \/>\n\t<meta name=\"twitter:data1\" content=\"Comunidade Ativa\" \/>\n\t<meta name=\"twitter:label2\" content=\"Est. tempo de leitura\" \/>\n\t<meta name=\"twitter:data2\" content=\"3 minutos\" \/>\n<script type=\"application\/ld+json\" class=\"yoast-schema-graph\">{\"@context\":\"https:\/\/schema.org\",\"@graph\":[{\"@type\":\"Article\",\"@id\":\"https:\/\/www.comunidadeativa.jor.br\/index.php\/2024\/10\/06\/editorial-a-sua-acao-apos-as-eleicoes\/#article\",\"isPartOf\":{\"@id\":\"https:\/\/www.comunidadeativa.jor.br\/index.php\/2024\/10\/06\/editorial-a-sua-acao-apos-as-eleicoes\/\"},\"author\":{\"name\":\"Comunidade Ativa\",\"@id\":\"https:\/\/www.comunidadeativa.jor.br\/#\/schema\/person\/dcaa1f1c51c1f0c47a33b2b734cad6e1\"},\"headline\":\"Editorial: O que podemos fazer para continuarmos agindo em benef\u00edcio da nossa regi\u00e3o ap\u00f3s as elei\u00e7\u00f5es\",\"datePublished\":\"2024-10-06T12:17:17+00:00\",\"mainEntityOfPage\":{\"@id\":\"https:\/\/www.comunidadeativa.jor.br\/index.php\/2024\/10\/06\/editorial-a-sua-acao-apos-as-eleicoes\/\"},\"wordCount\":397,\"publisher\":{\"@id\":\"https:\/\/www.comunidadeativa.jor.br\/#organization\"},\"image\":{\"@id\":\"https:\/\/www.comunidadeativa.jor.br\/index.php\/2024\/10\/06\/editorial-a-sua-acao-apos-as-eleicoes\/#primaryimage\"},\"thumbnailUrl\":\"https:\/\/www.comunidadeativa.jor.br\/wp-content\/uploads\/2024\/10\/CAPAJORNALSITEPNG-1.png\",\"articleSection\":[\"Cidadania\"],\"inLanguage\":\"pt-BR\"},{\"@type\":\"WebPage\",\"@id\":\"https:\/\/www.comunidadeativa.jor.br\/index.php\/2024\/10\/06\/editorial-a-sua-acao-apos-as-eleicoes\/\",\"url\":\"https:\/\/www.comunidadeativa.jor.br\/index.php\/2024\/10\/06\/editorial-a-sua-acao-apos-as-eleicoes\/\",\"name\":\"Editorial: O que podemos fazer para continuarmos agindo em benef\u00edcio da nossa regi\u00e3o ap\u00f3s as elei\u00e7\u00f5es - Comunidade Ativa\",\"isPartOf\":{\"@id\":\"https:\/\/www.comunidadeativa.jor.br\/#website\"},\"primaryImageOfPage\":{\"@id\":\"https:\/\/www.comunidadeativa.jor.br\/index.php\/2024\/10\/06\/editorial-a-sua-acao-apos-as-eleicoes\/#primaryimage\"},\"image\":{\"@id\":\"https:\/\/www.comunidadeativa.jor.br\/index.php\/2024\/10\/06\/editorial-a-sua-acao-apos-as-eleicoes\/#primaryimage\"},\"thumbnailUrl\":\"https:\/\/www.comunidadeativa.jor.br\/wp-content\/uploads\/2024\/10\/CAPAJORNALSITEPNG-1.png\",\"datePublished\":\"2024-10-06T12:17:17+00:00\",\"breadcrumb\":{\"@id\":\"https:\/\/www.comunidadeativa.jor.br\/index.php\/2024\/10\/06\/editorial-a-sua-acao-apos-as-eleicoes\/#breadcrumb\"},\"inLanguage\":\"pt-BR\",\"potentialAction\":[{\"@type\":\"ReadAction\",\"target\":[\"https:\/\/www.comunidadeativa.jor.br\/index.php\/2024\/10\/06\/editorial-a-sua-acao-apos-as-eleicoes\/\"]}]},{\"@type\":\"ImageObject\",\"inLanguage\":\"pt-BR\",\"@id\":\"https:\/\/www.comunidadeativa.jor.br\/index.php\/2024\/10\/06\/editorial-a-sua-acao-apos-as-eleicoes\/#primaryimage\",\"url\":\"https:\/\/www.comunidadeativa.jor.br\/wp-content\/uploads\/2024\/10\/CAPAJORNALSITEPNG-1.png\",\"contentUrl\":\"https:\/\/www.comunidadeativa.jor.br\/wp-content\/uploads\/2024\/10\/CAPAJORNALSITEPNG-1.png\",\"width\":800,\"height\":445},{\"@type\":\"BreadcrumbList\",\"@id\":\"https:\/\/www.comunidadeativa.jor.br\/index.php\/2024\/10\/06\/editorial-a-sua-acao-apos-as-eleicoes\/#breadcrumb\",\"itemListElement\":[{\"@type\":\"ListItem\",\"position\":1,\"name\":\"In\u00edcio\",\"item\":\"https:\/\/www.comunidadeativa.jor.br\/\"},{\"@type\":\"ListItem\",\"position\":2,\"name\":\"Editorial: O que podemos fazer para continuarmos agindo em benef\u00edcio da nossa regi\u00e3o ap\u00f3s as elei\u00e7\u00f5es\"}]},{\"@type\":\"WebSite\",\"@id\":\"https:\/\/www.comunidadeativa.jor.br\/#website\",\"url\":\"https:\/\/www.comunidadeativa.jor.br\/\",\"name\":\"Comunidade Ativa\",\"description\":\"\",\"publisher\":{\"@id\":\"https:\/\/www.comunidadeativa.jor.br\/#organization\"},\"potentialAction\":[{\"@type\":\"SearchAction\",\"target\":{\"@type\":\"EntryPoint\",\"urlTemplate\":\"https:\/\/www.comunidadeativa.jor.br\/?s={search_term_string}\"},\"query-input\":{\"@type\":\"PropertyValueSpecification\",\"valueRequired\":true,\"valueName\":\"search_term_string\"}}],\"inLanguage\":\"pt-BR\"},{\"@type\":\"Organization\",\"@id\":\"https:\/\/www.comunidadeativa.jor.br\/#organization\",\"name\":\"Comunidade Ativa\",\"url\":\"https:\/\/www.comunidadeativa.jor.br\/\",\"logo\":{\"@type\":\"ImageObject\",\"inLanguage\":\"pt-BR\",\"@id\":\"https:\/\/www.comunidadeativa.jor.br\/#\/schema\/logo\/image\/\",\"url\":\"https:\/\/www.comunidadeativa.jor.br\/wp-content\/uploads\/2018\/03\/cropped-LOGOPNG-1.png\",\"contentUrl\":\"https:\/\/www.comunidadeativa.jor.br\/wp-content\/uploads\/2018\/03\/cropped-LOGOPNG-1.png\",\"width\":318,\"height\":90,\"caption\":\"Comunidade Ativa\"},\"image\":{\"@id\":\"https:\/\/www.comunidadeativa.jor.br\/#\/schema\/logo\/image\/\"},\"sameAs\":[\"https:\/\/www.facebook.com\/comunidadeativa\"]},{\"@type\":\"Person\",\"@id\":\"https:\/\/www.comunidadeativa.jor.br\/#\/schema\/person\/dcaa1f1c51c1f0c47a33b2b734cad6e1\",\"name\":\"Comunidade Ativa\",\"image\":{\"@type\":\"ImageObject\",\"inLanguage\":\"pt-BR\",\"@id\":\"https:\/\/www.comunidadeativa.jor.br\/#\/schema\/person\/image\/\",\"url\":\"https:\/\/secure.gravatar.com\/avatar\/09a9a1f85fedf41e81b47f7c1d40084f?s=96&d=mm&r=g\",\"contentUrl\":\"https:\/\/secure.gravatar.com\/avatar\/09a9a1f85fedf41e81b47f7c1d40084f?s=96&d=mm&r=g\",\"caption\":\"Comunidade Ativa\"},\"url\":\"https:\/\/www.comunidadeativa.jor.br\/index.php\/author\/casalberto\/\"}]}<\/script>\n<!-- \/ Yoast SEO plugin. -->","yoast_head_json":{"title":"Editorial: O que podemos fazer para continuarmos agindo em benef\u00edcio da nossa regi\u00e3o ap\u00f3s as elei\u00e7\u00f5es - Comunidade Ativa","robots":{"index":"index","follow":"follow","max-snippet":"max-snippet:-1","max-image-preview":"max-image-preview:large","max-video-preview":"max-video-preview:-1"},"canonical":"https:\/\/www.comunidadeativa.jor.br\/index.php\/2024\/10\/06\/editorial-a-sua-acao-apos-as-eleicoes\/","og_locale":"pt_BR","og_type":"article","og_title":"Editorial: O que podemos fazer para continuarmos agindo em benef\u00edcio da nossa regi\u00e3o ap\u00f3s as elei\u00e7\u00f5es - Comunidade Ativa","og_description":"Carlos Alberto Rocha* Finalmente, o\u2008dia 6 de outubro chegou, nos trazendo nova oportunidade para interferirmos nos destinos de Belo Horizonte","og_url":"https:\/\/www.comunidadeativa.jor.br\/index.php\/2024\/10\/06\/editorial-a-sua-acao-apos-as-eleicoes\/","og_site_name":"Comunidade Ativa","article_publisher":"https:\/\/www.facebook.com\/comunidadeativa","article_published_time":"2024-10-06T12:17:17+00:00","og_image":[{"width":800,"height":445,"url":"https:\/\/www.comunidadeativa.jor.br\/wp-content\/uploads\/2024\/10\/CAPAJORNALSITEPNG-1.png","type":"image\/png"}],"author":"Comunidade Ativa","twitter_card":"summary_large_image","twitter_misc":{"Escrito por":"Comunidade Ativa","Est. tempo de leitura":"3 minutos"},"schema":{"@context":"https:\/\/schema.org","@graph":[{"@type":"Article","@id":"https:\/\/www.comunidadeativa.jor.br\/index.php\/2024\/10\/06\/editorial-a-sua-acao-apos-as-eleicoes\/#article","isPartOf":{"@id":"https:\/\/www.comunidadeativa.jor.br\/index.php\/2024\/10\/06\/editorial-a-sua-acao-apos-as-eleicoes\/"},"author":{"name":"Comunidade Ativa","@id":"https:\/\/www.comunidadeativa.jor.br\/#\/schema\/person\/dcaa1f1c51c1f0c47a33b2b734cad6e1"},"headline":"Editorial: O que podemos fazer para continuarmos agindo em benef\u00edcio da nossa regi\u00e3o ap\u00f3s as elei\u00e7\u00f5es","datePublished":"2024-10-06T12:17:17+00:00","mainEntityOfPage":{"@id":"https:\/\/www.comunidadeativa.jor.br\/index.php\/2024\/10\/06\/editorial-a-sua-acao-apos-as-eleicoes\/"},"wordCount":397,"publisher":{"@id":"https:\/\/www.comunidadeativa.jor.br\/#organization"},"image":{"@id":"https:\/\/www.comunidadeativa.jor.br\/index.php\/2024\/10\/06\/editorial-a-sua-acao-apos-as-eleicoes\/#primaryimage"},"thumbnailUrl":"https:\/\/www.comunidadeativa.jor.br\/wp-content\/uploads\/2024\/10\/CAPAJORNALSITEPNG-1.png","articleSection":["Cidadania"],"inLanguage":"pt-BR"},{"@type":"WebPage","@id":"https:\/\/www.comunidadeativa.jor.br\/index.php\/2024\/10\/06\/editorial-a-sua-acao-apos-as-eleicoes\/","url":"https:\/\/www.comunidadeativa.jor.br\/index.php\/2024\/10\/06\/editorial-a-sua-acao-apos-as-eleicoes\/","name":"Editorial: O que podemos fazer para continuarmos agindo em benef\u00edcio da nossa regi\u00e3o ap\u00f3s as elei\u00e7\u00f5es - Comunidade Ativa","isPartOf":{"@id":"https:\/\/www.comunidadeativa.jor.br\/#website"},"primaryImageOfPage":{"@id":"https:\/\/www.comunidadeativa.jor.br\/index.php\/2024\/10\/06\/editorial-a-sua-acao-apos-as-eleicoes\/#primaryimage"},"image":{"@id":"https:\/\/www.comunidadeativa.jor.br\/index.php\/2024\/10\/06\/editorial-a-sua-acao-apos-as-eleicoes\/#primaryimage"},"thumbnailUrl":"https:\/\/www.comunidadeativa.jor.br\/wp-content\/uploads\/2024\/10\/CAPAJORNALSITEPNG-1.png","datePublished":"2024-10-06T12:17:17+00:00","breadcrumb":{"@id":"https:\/\/www.comunidadeativa.jor.br\/index.php\/2024\/10\/06\/editorial-a-sua-acao-apos-as-eleicoes\/#breadcrumb"},"inLanguage":"pt-BR","potentialAction":[{"@type":"ReadAction","target":["https:\/\/www.comunidadeativa.jor.br\/index.php\/2024\/10\/06\/editorial-a-sua-acao-apos-as-eleicoes\/"]}]},{"@type":"ImageObject","inLanguage":"pt-BR","@id":"https:\/\/www.comunidadeativa.jor.br\/index.php\/2024\/10\/06\/editorial-a-sua-acao-apos-as-eleicoes\/#primaryimage","url":"https:\/\/www.comunidadeativa.jor.br\/wp-content\/uploads\/2024\/10\/CAPAJORNALSITEPNG-1.png","contentUrl":"https:\/\/www.comunidadeativa.jor.br\/wp-content\/uploads\/2024\/10\/CAPAJORNALSITEPNG-1.png","width":800,"height":445},{"@type":"BreadcrumbList","@id":"https:\/\/www.comunidadeativa.jor.br\/index.php\/2024\/10\/06\/editorial-a-sua-acao-apos-as-eleicoes\/#breadcrumb","itemListElement":[{"@type":"ListItem","position":1,"name":"In\u00edcio","item":"https:\/\/www.comunidadeativa.jor.br\/"},{"@type":"ListItem","position":2,"name":"Editorial: O que podemos fazer para continuarmos agindo em benef\u00edcio da nossa regi\u00e3o ap\u00f3s as elei\u00e7\u00f5es"}]},{"@type":"WebSite","@id":"https:\/\/www.comunidadeativa.jor.br\/#website","url":"https:\/\/www.comunidadeativa.jor.br\/","name":"Comunidade Ativa","description":"","publisher":{"@id":"https:\/\/www.comunidadeativa.jor.br\/#organization"},"potentialAction":[{"@type":"SearchAction","target":{"@type":"EntryPoint","urlTemplate":"https:\/\/www.comunidadeativa.jor.br\/?s={search_term_string}"},"query-input":{"@type":"PropertyValueSpecification","valueRequired":true,"valueName":"search_term_string"}}],"inLanguage":"pt-BR"},{"@type":"Organization","@id":"https:\/\/www.comunidadeativa.jor.br\/#organization","name":"Comunidade Ativa","url":"https:\/\/www.comunidadeativa.jor.br\/","logo":{"@type":"ImageObject","inLanguage":"pt-BR","@id":"https:\/\/www.comunidadeativa.jor.br\/#\/schema\/logo\/image\/","url":"https:\/\/www.comunidadeativa.jor.br\/wp-content\/uploads\/2018\/03\/cropped-LOGOPNG-1.png","contentUrl":"https:\/\/www.comunidadeativa.jor.br\/wp-content\/uploads\/2018\/03\/cropped-LOGOPNG-1.png","width":318,"height":90,"caption":"Comunidade Ativa"},"image":{"@id":"https:\/\/www.comunidadeativa.jor.br\/#\/schema\/logo\/image\/"},"sameAs":["https:\/\/www.facebook.com\/comunidadeativa"]},{"@type":"Person","@id":"https:\/\/www.comunidadeativa.jor.br\/#\/schema\/person\/dcaa1f1c51c1f0c47a33b2b734cad6e1","name":"Comunidade Ativa","image":{"@type":"ImageObject","inLanguage":"pt-BR","@id":"https:\/\/www.comunidadeativa.jor.br\/#\/schema\/person\/image\/","url":"https:\/\/secure.gravatar.com\/avatar\/09a9a1f85fedf41e81b47f7c1d40084f?s=96&d=mm&r=g","contentUrl":"https:\/\/secure.gravatar.com\/avatar\/09a9a1f85fedf41e81b47f7c1d40084f?s=96&d=mm&r=g","caption":"Comunidade Ativa"},"url":"https:\/\/www.comunidadeativa.jor.br\/index.php\/author\/casalberto\/"}]}},"_links":{"self":[{"href":"https:\/\/www.comunidadeativa.jor.br\/index.php\/wp-json\/wp\/v2\/posts\/4580","targetHints":{"allow":["GET"]}}],"collection":[{"href":"https:\/\/www.comunidadeativa.jor.br\/index.php\/wp-json\/wp\/v2\/posts"}],"about":[{"href":"https:\/\/www.comunidadeativa.jor.br\/index.php\/wp-json\/wp\/v2\/types\/post"}],"author":[{"embeddable":true,"href":"https:\/\/www.comunidadeativa.jor.br\/index.php\/wp-json\/wp\/v2\/users\/1"}],"replies":[{"embeddable":true,"href":"https:\/\/www.comunidadeativa.jor.br\/index.php\/wp-json\/wp\/v2\/comments?post=4580"}],"version-history":[{"count":4,"href":"https:\/\/www.comunidadeativa.jor.br\/index.php\/wp-json\/wp\/v2\/posts\/4580\/revisions"}],"predecessor-version":[{"id":4611,"href":"https:\/\/www.comunidadeativa.jor.br\/index.php\/wp-json\/wp\/v2\/posts\/4580\/revisions\/4611"}],"wp:featuredmedia":[{"embeddable":true,"href":"https:\/\/www.comunidadeativa.jor.br\/index.php\/wp-json\/wp\/v2\/media\/4610"}],"wp:attachment":[{"href":"https:\/\/www.comunidadeativa.jor.br\/index.php\/wp-json\/wp\/v2\/media?parent=4580"}],"wp:term":[{"taxonomy":"category","embeddable":true,"href":"https:\/\/www.comunidadeativa.jor.br\/index.php\/wp-json\/wp\/v2\/categories?post=4580"},{"taxonomy":"post_tag","embeddable":true,"href":"https:\/\/www.comunidadeativa.jor.br\/index.php\/wp-json\/wp\/v2\/tags?post=4580"}],"curies":[{"name":"wp","href":"https:\/\/api.w.org\/{rel}","templated":true}]}}