{"id":4612,"date":"2024-10-07T16:48:29","date_gmt":"2024-10-07T19:48:29","guid":{"rendered":"https:\/\/www.comunidadeativa.jor.br\/?p=4612"},"modified":"2024-10-07T16:48:29","modified_gmt":"2024-10-07T19:48:29","slug":"cinema-gratis-para-a-criancada-no-cine-humberto-mauro-para-celebrar-o-mes-das-criancas","status":"publish","type":"post","link":"https:\/\/www.comunidadeativa.jor.br\/index.php\/2024\/10\/07\/cinema-gratis-para-a-criancada-no-cine-humberto-mauro-para-celebrar-o-mes-das-criancas\/","title":{"rendered":"Cinema gr\u00e1tis para a crian\u00e7ada no Cine Humberto Mauro, para celebrar o M\u00eas das Crian\u00e7as"},"content":{"rendered":"<div>\n<div class=\"gmail_signature\" dir=\"ltr\" data-smartmail=\"gmail_signature\">\n<div dir=\"ltr\">\n<div dir=\"ltr\">\n<div dir=\"ltr\">\n<p>Para celebrar o M\u00eas das Crian\u00e7as, da pr\u00f3xima sexta-feira, 11 de outubro, \u00e0 ter\u00e7a, 22, o Cine Humberto Mauro apresentar\u00e1 a mostra <em>Pequenos Grandes Protagonistas<\/em>, com a exibi\u00e7\u00e3o gratuita de cl\u00e1ssicos do cinema infanto-juvenil que foram protagonizados por crian\u00e7as e por adolescentes entre os anos 1930 e 2010. Neste contexto, as sess\u00f5es dubladas em portugu\u00eas ou no idioma original legendadas em portugu\u00eas re\u00fanem uma sele\u00e7\u00e3o muito bem elaborada.<\/p>\n<p>Na programa\u00e7\u00e3o est\u00e3o obras como \u201cE.T.: O Extraterrestre\u201d (1982), \u201cA Hist\u00f3ria Sem Fim\u201d (1984) e \u201cOs Goonies\u201d (1985). Continuando com a nostalgia, tamb\u00e9m ser\u00e3o exibidos \u201cO M\u00e1gico de Oz\u201d (1939), \u201cO Jardim Secreto\u201d (1993), e \u201cHarry Potter e a Pedra Filosofal\u201d (2001), que promete encantar as novas gera\u00e7\u00f5es.<\/p>\n<p>Outros sucessos como \u201cCrooklyn \u2013 Uma Fam\u00edlia de Pernas pro Ar\u201d (1994), \u201cMatilda\u201d (1996) e \u201cAs Cr\u00f4nicas de N\u00e1rnia: O Le\u00e3o, a Feiticeira e o Guarda-Roupa\u201d (2005) tamb\u00e9m est\u00e3o na lista. Al\u00e9m de apresentar filmes que se tornaram parte do imagin\u00e1rio coletivo, a mostra tamb\u00e9m traz produ\u00e7\u00f5es brasileiras, como \u201cO Menino no Espelho\u201d (2014), em homenagem ao cineasta mineiro Guilherme Fi\u00faza Zenha, e \u201cO Menino Maluquinho\u201d (1995), celebrando a obra de Ziraldo.<\/p>\n<h5>Experi\u00eancia<\/h5>\n<p>N\u00e3o resta d\u00favidas de que assistir a um filme em casa, em fam\u00edlia, proporciona \u00e0s crian\u00e7as momentos muito agrad\u00e1veis. Por\u00e9m, nada se compara ao prazer de ir ao cinema, onde surge a perspectiva que s\u00f3 a tela grande \u00e9 capaz de proporcionar.<\/p>\n<p>Valorizando esta experi\u00eancia \u00fanica, que passa a habitar o imagin\u00e1rio dos pequenos, a mostra Pequenos Grandes Protagonistas busca ressaltar as narrativas do universo infantil. Para os organizadores, as sess\u00f5es criam a oportunidade para as novas gera\u00e7\u00f5es conhecerem cl\u00e1ssicos do cinema, ao mesmo tempo em que oferecem aos adultos as condi\u00e7\u00f5es para reviverem, no cinema, momentos inesquec\u00edveis da sua pr\u00f3pria inf\u00e2ncia.<\/p>\n<p>De acordo com Vitor Miranda, gerente de Cinema da Funda\u00e7\u00e3o Cl\u00f3vis Salgado e programador da mostra, a sele\u00e7\u00e3o que foi elaborada resgata um conjunto de filmes que vai gerar muita identifica\u00e7\u00e3o nos espectadores. &#8220;Tanto no p\u00fablico infanto-juvenil, que vai se ver ali retratado nas telas, como tamb\u00e9m em n\u00f3s, adultos, que j\u00e1 vivemos aqueles momentos. A gente passou por aquelas quest\u00f5es que os personagens est\u00e3o passando, e, hoje, podemos assisti-las com uma certa dist\u00e2ncia. S\u00e3o filmes que t\u00eam uma abordagem de p\u00fablico muito ampla, especialmente atrav\u00e9s das sess\u00f5es dubladas que estamos promovendo. \u00c9 uma sele\u00e7\u00e3o que traz um pouco da nostalgia da \u2018Sess\u00e3o da Tarde\u2019, mas que tamb\u00e9m traz um foco para o cinema brasileiro e mineiro, com obras como \u2018O Menino Maluquinho\u2019 e \u2018O Menino no Espelho\u2019\u201d, explica.<\/p>\n<h5>Cine Humberto Mauro<\/h5>\n<p>Um dos mais tradicionais cinemas de Belo Horizonte, o Cine Humberto Mauro foi inaugurado em 1978. Seu nome homenageia um dos pioneiros do cinema brasileiro, o mineiro Humberto Mauro (1897-1983), grande realizador cinematogr\u00e1fico.\u00a0Com 129 lugares, possui equipamentos de som Dolby Digital e para exibi\u00e7\u00e3o de filmes em 3D e 4K.<\/p>\n<p>Em mais de 45 anos de exist\u00eancia, a Funda\u00e7\u00e3o Cl\u00f3vis Salgado tem investido na consolida\u00e7\u00e3o do espa\u00e7o como um local de forma\u00e7\u00e3o de novos p\u00fablicos a partir de programa\u00e7\u00e3o diversificada, bem como por meio da cria\u00e7\u00e3o de mecanismos de est\u00edmulo \u00e0 produ\u00e7\u00e3o audiovisual, com a realiza\u00e7\u00e3o do tradicional FestCurtasBH \u2013 Festival Internacional de Curtas de Belo Horizonte, e o Pr\u00eamio Est\u00edmulo ao Curta-metragem de Baixo Or\u00e7amento.<\/p>\n<p>O Cine Humberto Mauro tamb\u00e9m \u00e9 um importante difusor do conhecimento ao promover cursos, semin\u00e1rios, debates e palestras. Sess\u00f5es permanentes e comentadas tamb\u00e9m t\u00eam espa\u00e7o cativo a partir das mostras Hist\u00f3ria Permanente do Cinema, Cinema e Psican\u00e1lise, Curta no Almo\u00e7o, entre outros. Todas as atividades do Cine Humberto Mauro s\u00e3o gratuitas.<\/p>\n<h5>Servi\u00e7o<\/h5>\n<p>A mostra Pequenos Grandes Protagonistas \u00e9 uma realiza\u00e7\u00e3o do Minist\u00e9rio da Cultura, Governo de Minas Gerais, Secretaria de Estado de Cultura e Turismo de Minas Gerais e Funda\u00e7\u00e3o Cl\u00f3vis Salgado.<\/p>\n<p><a href=\"https:\/\/fcs.mg.gov.br\/wp-content\/uploads\/2024\/10\/PROGRAMACAO-PEQUENOS-GRANDES-PROTAGONISTAS-BH.pdf\">Clique aqui<\/a> para acessar a programa\u00e7\u00e3o completa.<\/p>\n<p>O Cine Humberto Mauro fica no Pal\u00e1cio das Artes, na Avenida Afonso Pena, 1537, Centro.<\/p>\n<p>A classifica\u00e7\u00e3o indicativa varia conforme a programa\u00e7\u00e3o<\/p>\n<p>A entrada \u00e9 gratuita, com retirada de ingressos a partir de meia hora antes do in\u00edcio das sess\u00f5es.<\/p>\n<\/div>\n<\/div>\n<\/div>\n<\/div>\n<\/div>\n<p>&nbsp;<\/p>\n<div class=\"gmail_quote\">\n<div dir=\"ltr\">\n<div>\n<div class=\"gmail_signature\" dir=\"ltr\" data-smartmail=\"gmail_signature\">\n<div dir=\"ltr\">\n<div dir=\"ltr\">\n<div dir=\"ltr\">\n<div dir=\"ltr\">\n<div dir=\"ltr\">\n<div dir=\"ltr\">\n<div dir=\"ltr\">\n<div dir=\"ltr\">\n<div dir=\"ltr\">\n<div dir=\"ltr\">\n<div dir=\"ltr\">\n<div dir=\"ltr\">\n<div dir=\"ltr\">\n<div dir=\"ltr\">\n<div dir=\"ltr\">\n<div dir=\"ltr\">\n<div dir=\"ltr\">\n<div dir=\"ltr\">\n<div>\n<div><\/div>\n<\/div>\n<\/div>\n<\/div>\n<\/div>\n<\/div>\n<\/div>\n<\/div>\n<\/div>\n<\/div>\n<\/div>\n<\/div>\n<\/div>\n<\/div>\n<\/div>\n<\/div>\n<\/div>\n<\/div>\n<\/div>\n<\/div>\n<\/div>\n<\/div>\n<\/div>\n<\/div>\n","protected":false},"excerpt":{"rendered":"<p>Para celebrar o M\u00eas das Crian\u00e7as, da pr\u00f3xima sexta-feira, 11 de outubro, \u00e0 ter\u00e7a, 22, o Cine Humberto Mauro apresentar\u00e1<\/p>\n","protected":false},"author":1,"featured_media":4613,"comment_status":"closed","ping_status":"open","sticky":false,"template":"","format":"standard","meta":{"footnotes":""},"categories":[15],"tags":[],"class_list":["post-4612","post","type-post","status-publish","format-standard","has-post-thumbnail","hentry","category-cultura"],"yoast_head":"<!-- This site is optimized with the Yoast SEO plugin v26.0 - https:\/\/yoast.com\/wordpress\/plugins\/seo\/ -->\n<title>Cinema gr\u00e1tis para a crian\u00e7ada no Cine Humberto Mauro, para celebrar o M\u00eas das Crian\u00e7as - Comunidade Ativa<\/title>\n<meta name=\"robots\" content=\"index, follow, max-snippet:-1, max-image-preview:large, max-video-preview:-1\" \/>\n<link rel=\"canonical\" href=\"https:\/\/www.comunidadeativa.jor.br\/index.php\/2024\/10\/07\/cinema-gratis-para-a-criancada-no-cine-humberto-mauro-para-celebrar-o-mes-das-criancas\/\" \/>\n<meta property=\"og:locale\" content=\"pt_BR\" \/>\n<meta property=\"og:type\" content=\"article\" \/>\n<meta property=\"og:title\" content=\"Cinema gr\u00e1tis para a crian\u00e7ada no Cine Humberto Mauro, para celebrar o M\u00eas das Crian\u00e7as - Comunidade Ativa\" \/>\n<meta property=\"og:description\" content=\"Para celebrar o M\u00eas das Crian\u00e7as, da pr\u00f3xima sexta-feira, 11 de outubro, \u00e0 ter\u00e7a, 22, o Cine Humberto Mauro apresentar\u00e1\" \/>\n<meta property=\"og:url\" content=\"https:\/\/www.comunidadeativa.jor.br\/index.php\/2024\/10\/07\/cinema-gratis-para-a-criancada-no-cine-humberto-mauro-para-celebrar-o-mes-das-criancas\/\" \/>\n<meta property=\"og:site_name\" content=\"Comunidade Ativa\" \/>\n<meta property=\"article:publisher\" content=\"https:\/\/www.facebook.com\/comunidadeativa\" \/>\n<meta property=\"article:published_time\" content=\"2024-10-07T19:48:29+00:00\" \/>\n<meta property=\"og:image\" content=\"https:\/\/www.comunidadeativa.jor.br\/wp-content\/uploads\/2024\/10\/CAPAJORNALSITEPNG-2.png\" \/>\n\t<meta property=\"og:image:width\" content=\"800\" \/>\n\t<meta property=\"og:image:height\" content=\"445\" \/>\n\t<meta property=\"og:image:type\" content=\"image\/png\" \/>\n<meta name=\"author\" content=\"Comunidade Ativa\" \/>\n<meta name=\"twitter:card\" content=\"summary_large_image\" \/>\n<meta name=\"twitter:label1\" content=\"Escrito por\" \/>\n\t<meta name=\"twitter:data1\" content=\"Comunidade Ativa\" \/>\n\t<meta name=\"twitter:label2\" content=\"Est. tempo de leitura\" \/>\n\t<meta name=\"twitter:data2\" content=\"4 minutos\" \/>\n<script type=\"application\/ld+json\" class=\"yoast-schema-graph\">{\"@context\":\"https:\/\/schema.org\",\"@graph\":[{\"@type\":\"Article\",\"@id\":\"https:\/\/www.comunidadeativa.jor.br\/index.php\/2024\/10\/07\/cinema-gratis-para-a-criancada-no-cine-humberto-mauro-para-celebrar-o-mes-das-criancas\/#article\",\"isPartOf\":{\"@id\":\"https:\/\/www.comunidadeativa.jor.br\/index.php\/2024\/10\/07\/cinema-gratis-para-a-criancada-no-cine-humberto-mauro-para-celebrar-o-mes-das-criancas\/\"},\"author\":{\"name\":\"Comunidade Ativa\",\"@id\":\"https:\/\/www.comunidadeativa.jor.br\/#\/schema\/person\/dcaa1f1c51c1f0c47a33b2b734cad6e1\"},\"headline\":\"Cinema gr\u00e1tis para a crian\u00e7ada no Cine Humberto Mauro, para celebrar o M\u00eas das Crian\u00e7as\",\"datePublished\":\"2024-10-07T19:48:29+00:00\",\"mainEntityOfPage\":{\"@id\":\"https:\/\/www.comunidadeativa.jor.br\/index.php\/2024\/10\/07\/cinema-gratis-para-a-criancada-no-cine-humberto-mauro-para-celebrar-o-mes-das-criancas\/\"},\"wordCount\":764,\"publisher\":{\"@id\":\"https:\/\/www.comunidadeativa.jor.br\/#organization\"},\"image\":{\"@id\":\"https:\/\/www.comunidadeativa.jor.br\/index.php\/2024\/10\/07\/cinema-gratis-para-a-criancada-no-cine-humberto-mauro-para-celebrar-o-mes-das-criancas\/#primaryimage\"},\"thumbnailUrl\":\"https:\/\/www.comunidadeativa.jor.br\/wp-content\/uploads\/2024\/10\/CAPAJORNALSITEPNG-2.png\",\"articleSection\":[\"Cultura\"],\"inLanguage\":\"pt-BR\"},{\"@type\":\"WebPage\",\"@id\":\"https:\/\/www.comunidadeativa.jor.br\/index.php\/2024\/10\/07\/cinema-gratis-para-a-criancada-no-cine-humberto-mauro-para-celebrar-o-mes-das-criancas\/\",\"url\":\"https:\/\/www.comunidadeativa.jor.br\/index.php\/2024\/10\/07\/cinema-gratis-para-a-criancada-no-cine-humberto-mauro-para-celebrar-o-mes-das-criancas\/\",\"name\":\"Cinema gr\u00e1tis para a crian\u00e7ada no Cine Humberto Mauro, para celebrar o M\u00eas das Crian\u00e7as - Comunidade Ativa\",\"isPartOf\":{\"@id\":\"https:\/\/www.comunidadeativa.jor.br\/#website\"},\"primaryImageOfPage\":{\"@id\":\"https:\/\/www.comunidadeativa.jor.br\/index.php\/2024\/10\/07\/cinema-gratis-para-a-criancada-no-cine-humberto-mauro-para-celebrar-o-mes-das-criancas\/#primaryimage\"},\"image\":{\"@id\":\"https:\/\/www.comunidadeativa.jor.br\/index.php\/2024\/10\/07\/cinema-gratis-para-a-criancada-no-cine-humberto-mauro-para-celebrar-o-mes-das-criancas\/#primaryimage\"},\"thumbnailUrl\":\"https:\/\/www.comunidadeativa.jor.br\/wp-content\/uploads\/2024\/10\/CAPAJORNALSITEPNG-2.png\",\"datePublished\":\"2024-10-07T19:48:29+00:00\",\"breadcrumb\":{\"@id\":\"https:\/\/www.comunidadeativa.jor.br\/index.php\/2024\/10\/07\/cinema-gratis-para-a-criancada-no-cine-humberto-mauro-para-celebrar-o-mes-das-criancas\/#breadcrumb\"},\"inLanguage\":\"pt-BR\",\"potentialAction\":[{\"@type\":\"ReadAction\",\"target\":[\"https:\/\/www.comunidadeativa.jor.br\/index.php\/2024\/10\/07\/cinema-gratis-para-a-criancada-no-cine-humberto-mauro-para-celebrar-o-mes-das-criancas\/\"]}]},{\"@type\":\"ImageObject\",\"inLanguage\":\"pt-BR\",\"@id\":\"https:\/\/www.comunidadeativa.jor.br\/index.php\/2024\/10\/07\/cinema-gratis-para-a-criancada-no-cine-humberto-mauro-para-celebrar-o-mes-das-criancas\/#primaryimage\",\"url\":\"https:\/\/www.comunidadeativa.jor.br\/wp-content\/uploads\/2024\/10\/CAPAJORNALSITEPNG-2.png\",\"contentUrl\":\"https:\/\/www.comunidadeativa.jor.br\/wp-content\/uploads\/2024\/10\/CAPAJORNALSITEPNG-2.png\",\"width\":800,\"height\":445},{\"@type\":\"BreadcrumbList\",\"@id\":\"https:\/\/www.comunidadeativa.jor.br\/index.php\/2024\/10\/07\/cinema-gratis-para-a-criancada-no-cine-humberto-mauro-para-celebrar-o-mes-das-criancas\/#breadcrumb\",\"itemListElement\":[{\"@type\":\"ListItem\",\"position\":1,\"name\":\"In\u00edcio\",\"item\":\"https:\/\/www.comunidadeativa.jor.br\/\"},{\"@type\":\"ListItem\",\"position\":2,\"name\":\"Cinema gr\u00e1tis para a crian\u00e7ada no Cine Humberto Mauro, para celebrar o M\u00eas das Crian\u00e7as\"}]},{\"@type\":\"WebSite\",\"@id\":\"https:\/\/www.comunidadeativa.jor.br\/#website\",\"url\":\"https:\/\/www.comunidadeativa.jor.br\/\",\"name\":\"Comunidade Ativa\",\"description\":\"\",\"publisher\":{\"@id\":\"https:\/\/www.comunidadeativa.jor.br\/#organization\"},\"potentialAction\":[{\"@type\":\"SearchAction\",\"target\":{\"@type\":\"EntryPoint\",\"urlTemplate\":\"https:\/\/www.comunidadeativa.jor.br\/?s={search_term_string}\"},\"query-input\":{\"@type\":\"PropertyValueSpecification\",\"valueRequired\":true,\"valueName\":\"search_term_string\"}}],\"inLanguage\":\"pt-BR\"},{\"@type\":\"Organization\",\"@id\":\"https:\/\/www.comunidadeativa.jor.br\/#organization\",\"name\":\"Comunidade Ativa\",\"url\":\"https:\/\/www.comunidadeativa.jor.br\/\",\"logo\":{\"@type\":\"ImageObject\",\"inLanguage\":\"pt-BR\",\"@id\":\"https:\/\/www.comunidadeativa.jor.br\/#\/schema\/logo\/image\/\",\"url\":\"https:\/\/www.comunidadeativa.jor.br\/wp-content\/uploads\/2018\/03\/cropped-LOGOPNG-1.png\",\"contentUrl\":\"https:\/\/www.comunidadeativa.jor.br\/wp-content\/uploads\/2018\/03\/cropped-LOGOPNG-1.png\",\"width\":318,\"height\":90,\"caption\":\"Comunidade Ativa\"},\"image\":{\"@id\":\"https:\/\/www.comunidadeativa.jor.br\/#\/schema\/logo\/image\/\"},\"sameAs\":[\"https:\/\/www.facebook.com\/comunidadeativa\"]},{\"@type\":\"Person\",\"@id\":\"https:\/\/www.comunidadeativa.jor.br\/#\/schema\/person\/dcaa1f1c51c1f0c47a33b2b734cad6e1\",\"name\":\"Comunidade Ativa\",\"image\":{\"@type\":\"ImageObject\",\"inLanguage\":\"pt-BR\",\"@id\":\"https:\/\/www.comunidadeativa.jor.br\/#\/schema\/person\/image\/\",\"url\":\"https:\/\/secure.gravatar.com\/avatar\/09a9a1f85fedf41e81b47f7c1d40084f?s=96&d=mm&r=g\",\"contentUrl\":\"https:\/\/secure.gravatar.com\/avatar\/09a9a1f85fedf41e81b47f7c1d40084f?s=96&d=mm&r=g\",\"caption\":\"Comunidade Ativa\"},\"url\":\"https:\/\/www.comunidadeativa.jor.br\/index.php\/author\/casalberto\/\"}]}<\/script>\n<!-- \/ Yoast SEO plugin. -->","yoast_head_json":{"title":"Cinema gr\u00e1tis para a crian\u00e7ada no Cine Humberto Mauro, para celebrar o M\u00eas das Crian\u00e7as - Comunidade Ativa","robots":{"index":"index","follow":"follow","max-snippet":"max-snippet:-1","max-image-preview":"max-image-preview:large","max-video-preview":"max-video-preview:-1"},"canonical":"https:\/\/www.comunidadeativa.jor.br\/index.php\/2024\/10\/07\/cinema-gratis-para-a-criancada-no-cine-humberto-mauro-para-celebrar-o-mes-das-criancas\/","og_locale":"pt_BR","og_type":"article","og_title":"Cinema gr\u00e1tis para a crian\u00e7ada no Cine Humberto Mauro, para celebrar o M\u00eas das Crian\u00e7as - Comunidade Ativa","og_description":"Para celebrar o M\u00eas das Crian\u00e7as, da pr\u00f3xima sexta-feira, 11 de outubro, \u00e0 ter\u00e7a, 22, o Cine Humberto Mauro apresentar\u00e1","og_url":"https:\/\/www.comunidadeativa.jor.br\/index.php\/2024\/10\/07\/cinema-gratis-para-a-criancada-no-cine-humberto-mauro-para-celebrar-o-mes-das-criancas\/","og_site_name":"Comunidade Ativa","article_publisher":"https:\/\/www.facebook.com\/comunidadeativa","article_published_time":"2024-10-07T19:48:29+00:00","og_image":[{"width":800,"height":445,"url":"https:\/\/www.comunidadeativa.jor.br\/wp-content\/uploads\/2024\/10\/CAPAJORNALSITEPNG-2.png","type":"image\/png"}],"author":"Comunidade Ativa","twitter_card":"summary_large_image","twitter_misc":{"Escrito por":"Comunidade Ativa","Est. tempo de leitura":"4 minutos"},"schema":{"@context":"https:\/\/schema.org","@graph":[{"@type":"Article","@id":"https:\/\/www.comunidadeativa.jor.br\/index.php\/2024\/10\/07\/cinema-gratis-para-a-criancada-no-cine-humberto-mauro-para-celebrar-o-mes-das-criancas\/#article","isPartOf":{"@id":"https:\/\/www.comunidadeativa.jor.br\/index.php\/2024\/10\/07\/cinema-gratis-para-a-criancada-no-cine-humberto-mauro-para-celebrar-o-mes-das-criancas\/"},"author":{"name":"Comunidade Ativa","@id":"https:\/\/www.comunidadeativa.jor.br\/#\/schema\/person\/dcaa1f1c51c1f0c47a33b2b734cad6e1"},"headline":"Cinema gr\u00e1tis para a crian\u00e7ada no Cine Humberto Mauro, para celebrar o M\u00eas das Crian\u00e7as","datePublished":"2024-10-07T19:48:29+00:00","mainEntityOfPage":{"@id":"https:\/\/www.comunidadeativa.jor.br\/index.php\/2024\/10\/07\/cinema-gratis-para-a-criancada-no-cine-humberto-mauro-para-celebrar-o-mes-das-criancas\/"},"wordCount":764,"publisher":{"@id":"https:\/\/www.comunidadeativa.jor.br\/#organization"},"image":{"@id":"https:\/\/www.comunidadeativa.jor.br\/index.php\/2024\/10\/07\/cinema-gratis-para-a-criancada-no-cine-humberto-mauro-para-celebrar-o-mes-das-criancas\/#primaryimage"},"thumbnailUrl":"https:\/\/www.comunidadeativa.jor.br\/wp-content\/uploads\/2024\/10\/CAPAJORNALSITEPNG-2.png","articleSection":["Cultura"],"inLanguage":"pt-BR"},{"@type":"WebPage","@id":"https:\/\/www.comunidadeativa.jor.br\/index.php\/2024\/10\/07\/cinema-gratis-para-a-criancada-no-cine-humberto-mauro-para-celebrar-o-mes-das-criancas\/","url":"https:\/\/www.comunidadeativa.jor.br\/index.php\/2024\/10\/07\/cinema-gratis-para-a-criancada-no-cine-humberto-mauro-para-celebrar-o-mes-das-criancas\/","name":"Cinema gr\u00e1tis para a crian\u00e7ada no Cine Humberto Mauro, para celebrar o M\u00eas das Crian\u00e7as - Comunidade Ativa","isPartOf":{"@id":"https:\/\/www.comunidadeativa.jor.br\/#website"},"primaryImageOfPage":{"@id":"https:\/\/www.comunidadeativa.jor.br\/index.php\/2024\/10\/07\/cinema-gratis-para-a-criancada-no-cine-humberto-mauro-para-celebrar-o-mes-das-criancas\/#primaryimage"},"image":{"@id":"https:\/\/www.comunidadeativa.jor.br\/index.php\/2024\/10\/07\/cinema-gratis-para-a-criancada-no-cine-humberto-mauro-para-celebrar-o-mes-das-criancas\/#primaryimage"},"thumbnailUrl":"https:\/\/www.comunidadeativa.jor.br\/wp-content\/uploads\/2024\/10\/CAPAJORNALSITEPNG-2.png","datePublished":"2024-10-07T19:48:29+00:00","breadcrumb":{"@id":"https:\/\/www.comunidadeativa.jor.br\/index.php\/2024\/10\/07\/cinema-gratis-para-a-criancada-no-cine-humberto-mauro-para-celebrar-o-mes-das-criancas\/#breadcrumb"},"inLanguage":"pt-BR","potentialAction":[{"@type":"ReadAction","target":["https:\/\/www.comunidadeativa.jor.br\/index.php\/2024\/10\/07\/cinema-gratis-para-a-criancada-no-cine-humberto-mauro-para-celebrar-o-mes-das-criancas\/"]}]},{"@type":"ImageObject","inLanguage":"pt-BR","@id":"https:\/\/www.comunidadeativa.jor.br\/index.php\/2024\/10\/07\/cinema-gratis-para-a-criancada-no-cine-humberto-mauro-para-celebrar-o-mes-das-criancas\/#primaryimage","url":"https:\/\/www.comunidadeativa.jor.br\/wp-content\/uploads\/2024\/10\/CAPAJORNALSITEPNG-2.png","contentUrl":"https:\/\/www.comunidadeativa.jor.br\/wp-content\/uploads\/2024\/10\/CAPAJORNALSITEPNG-2.png","width":800,"height":445},{"@type":"BreadcrumbList","@id":"https:\/\/www.comunidadeativa.jor.br\/index.php\/2024\/10\/07\/cinema-gratis-para-a-criancada-no-cine-humberto-mauro-para-celebrar-o-mes-das-criancas\/#breadcrumb","itemListElement":[{"@type":"ListItem","position":1,"name":"In\u00edcio","item":"https:\/\/www.comunidadeativa.jor.br\/"},{"@type":"ListItem","position":2,"name":"Cinema gr\u00e1tis para a crian\u00e7ada no Cine Humberto Mauro, para celebrar o M\u00eas das Crian\u00e7as"}]},{"@type":"WebSite","@id":"https:\/\/www.comunidadeativa.jor.br\/#website","url":"https:\/\/www.comunidadeativa.jor.br\/","name":"Comunidade Ativa","description":"","publisher":{"@id":"https:\/\/www.comunidadeativa.jor.br\/#organization"},"potentialAction":[{"@type":"SearchAction","target":{"@type":"EntryPoint","urlTemplate":"https:\/\/www.comunidadeativa.jor.br\/?s={search_term_string}"},"query-input":{"@type":"PropertyValueSpecification","valueRequired":true,"valueName":"search_term_string"}}],"inLanguage":"pt-BR"},{"@type":"Organization","@id":"https:\/\/www.comunidadeativa.jor.br\/#organization","name":"Comunidade Ativa","url":"https:\/\/www.comunidadeativa.jor.br\/","logo":{"@type":"ImageObject","inLanguage":"pt-BR","@id":"https:\/\/www.comunidadeativa.jor.br\/#\/schema\/logo\/image\/","url":"https:\/\/www.comunidadeativa.jor.br\/wp-content\/uploads\/2018\/03\/cropped-LOGOPNG-1.png","contentUrl":"https:\/\/www.comunidadeativa.jor.br\/wp-content\/uploads\/2018\/03\/cropped-LOGOPNG-1.png","width":318,"height":90,"caption":"Comunidade Ativa"},"image":{"@id":"https:\/\/www.comunidadeativa.jor.br\/#\/schema\/logo\/image\/"},"sameAs":["https:\/\/www.facebook.com\/comunidadeativa"]},{"@type":"Person","@id":"https:\/\/www.comunidadeativa.jor.br\/#\/schema\/person\/dcaa1f1c51c1f0c47a33b2b734cad6e1","name":"Comunidade Ativa","image":{"@type":"ImageObject","inLanguage":"pt-BR","@id":"https:\/\/www.comunidadeativa.jor.br\/#\/schema\/person\/image\/","url":"https:\/\/secure.gravatar.com\/avatar\/09a9a1f85fedf41e81b47f7c1d40084f?s=96&d=mm&r=g","contentUrl":"https:\/\/secure.gravatar.com\/avatar\/09a9a1f85fedf41e81b47f7c1d40084f?s=96&d=mm&r=g","caption":"Comunidade Ativa"},"url":"https:\/\/www.comunidadeativa.jor.br\/index.php\/author\/casalberto\/"}]}},"_links":{"self":[{"href":"https:\/\/www.comunidadeativa.jor.br\/index.php\/wp-json\/wp\/v2\/posts\/4612","targetHints":{"allow":["GET"]}}],"collection":[{"href":"https:\/\/www.comunidadeativa.jor.br\/index.php\/wp-json\/wp\/v2\/posts"}],"about":[{"href":"https:\/\/www.comunidadeativa.jor.br\/index.php\/wp-json\/wp\/v2\/types\/post"}],"author":[{"embeddable":true,"href":"https:\/\/www.comunidadeativa.jor.br\/index.php\/wp-json\/wp\/v2\/users\/1"}],"replies":[{"embeddable":true,"href":"https:\/\/www.comunidadeativa.jor.br\/index.php\/wp-json\/wp\/v2\/comments?post=4612"}],"version-history":[{"count":1,"href":"https:\/\/www.comunidadeativa.jor.br\/index.php\/wp-json\/wp\/v2\/posts\/4612\/revisions"}],"predecessor-version":[{"id":4614,"href":"https:\/\/www.comunidadeativa.jor.br\/index.php\/wp-json\/wp\/v2\/posts\/4612\/revisions\/4614"}],"wp:featuredmedia":[{"embeddable":true,"href":"https:\/\/www.comunidadeativa.jor.br\/index.php\/wp-json\/wp\/v2\/media\/4613"}],"wp:attachment":[{"href":"https:\/\/www.comunidadeativa.jor.br\/index.php\/wp-json\/wp\/v2\/media?parent=4612"}],"wp:term":[{"taxonomy":"category","embeddable":true,"href":"https:\/\/www.comunidadeativa.jor.br\/index.php\/wp-json\/wp\/v2\/categories?post=4612"},{"taxonomy":"post_tag","embeddable":true,"href":"https:\/\/www.comunidadeativa.jor.br\/index.php\/wp-json\/wp\/v2\/tags?post=4612"}],"curies":[{"name":"wp","href":"https:\/\/api.w.org\/{rel}","templated":true}]}}