{"id":4748,"date":"2025-03-08T19:23:11","date_gmt":"2025-03-08T22:23:11","guid":{"rendered":"https:\/\/www.comunidadeativa.jor.br\/?p=4748"},"modified":"2025-10-06T14:33:43","modified_gmt":"2025-10-06T17:33:43","slug":"inteligencia-artificial-aprimora-monitoramento-com-cameras","status":"publish","type":"post","link":"https:\/\/www.comunidadeativa.jor.br\/index.php\/2025\/03\/08\/inteligencia-artificial-aprimora-monitoramento-com-cameras\/","title":{"rendered":"Intelig\u00eancia artificial aprimora monitoramento com c\u00e2meras"},"content":{"rendered":"<p data-start=\"111\" data-end=\"532\">O uso de tecnologia de ponta de ponta deve se tornar um refor\u00e7o para a seguran\u00e7a na Avenida Bandeirantes. A possibilidade surge com a iniciativa de lojistas do Circuito Bandeirantes, que est\u00e3o dispostos a instalar c\u00e2meras do sistema Olho Vivo ao longo da avenida. Com isso, aquela via passaria a ser monitorada 24 horas por dia, inclusive com o suporte da Plataforma BH+Segura, da Prefeitura de Belo Horizonte (PBH).<\/p>\n<p data-start=\"534\" data-end=\"912\">De acordo com Edson Zigoni, diretor do Circuito Bandeirantes, em pontos estrat\u00e9gicos da avenida, poder\u00e3o ser instalados postes com c\u00e2meras cujas imagens ser\u00e3o monitoradas pela Olho Vivo Seguran\u00e7a Eletr\u00f4nica, empresa selecionada para prestar o servi\u00e7o, e tamb\u00e9m pelos pr\u00f3prios lojistas. \u201cO custo do monitoramento ser\u00e1 rateado por quem queira aderir\u201d, explica Edson.<\/p>\n<h5 data-start=\"534\" data-end=\"912\">Intelig\u00eancia Artificial<\/h5>\n<p data-start=\"914\" data-end=\"1201\">Segundo Suely Greco, diretora da Olho Vivo, a tecnologia proposta para a Bandeirantes vai al\u00e9m do tradicional monitoramento por v\u00eddeo. \u201cUtilizando intelig\u00eancia artificial, as c\u00e2meras s\u00e3o capazes de detectar atividades suspeitas em tempo real, ajudando na preven\u00e7\u00e3o de crimes\u201d, ela diz.<\/p>\n<p data-start=\"1203\" data-end=\"1593\">Suely destaca que o sistema previsto para a Bandeirantes permite o reconhecimento facial, o que cria a possibilidade de identifica\u00e7\u00e3o de infratores. \u201cAl\u00e9m disso, estamos instalando totens de seguran\u00e7a com c\u00e2meras inteligentes, que permitem o compartilhamento de imagens diretamente com o Centro de Opera\u00e7\u00f5es da PBH (COP-BH), garantindo resposta mais \u00e1gil \u00e0s ocorr\u00eancias\u201d, observa.<\/p>\n<h5 data-start=\"1595\" data-end=\"1614\">BH+Segura<\/h5>\n<p data-start=\"1616\" data-end=\"2078\">Desde novembro de 2022, Belo Horizonte conta com a Plataforma BH+Segura, da PBH, que permite que imagens de c\u00e2meras privadas cujos focos estejam voltados para espa\u00e7os p\u00fablicos sejam compartilhadas com o COP-BH. A partir da\u00ed, elas poder\u00e3o ser visualizadas por agentes dos v\u00e1rios \u00f3rg\u00e3os de seguran\u00e7a \u2014 pol\u00edcias Militar e Civil, Guarda Municipal, Corpo de Bombeiros, entre outros \u2014 que atuam em uma central \u00fanica, localizada no bairro Buritis.<\/p>\n<p data-start=\"2080\" data-end=\"2446\">De acordo com a Secretaria Municipal de Seguran\u00e7a e Preven\u00e7\u00e3o (SMSP), o objetivo do projeto \u00e9 ampliar, de forma colaborativa**,** a capacidade de monitoramento preventivo e inteligente da cidade. Dessa forma, aumenta a capacidade de o poder p\u00fablico qualificar o atendimento das ocorr\u00eancias de seguran\u00e7a. A SMSP garante sigilo sobre os dados e imagens captados.<\/p>\n<p data-start=\"2448\" data-end=\"2899\">Para o presidente da Amoran, Carlos Alberto Rocha, a chegada do sistema do Olho Vivo e a possibilidade de conex\u00e3o com a plataforma BH+Segura \u00e9 um avan\u00e7o significativo para a regi\u00e3o. \u201cA partir dessa iniciativa, teremos um refor\u00e7o substancial nas a\u00e7\u00f5es preventivas de seguran\u00e7a. Esperamos que haja ades\u00e3o dos lojistas e vamos atuar para que esse tipo de monitoramento tamb\u00e9m chegue a outros pontos dos bairros do entorno da Bandeirantes\u201d, conclui.<\/p>\n","protected":false},"excerpt":{"rendered":"<p>O uso de tecnologia de ponta de ponta deve se tornar um refor\u00e7o para a seguran\u00e7a na Avenida Bandeirantes. A<\/p>\n","protected":false},"author":1,"featured_media":4762,"comment_status":"closed","ping_status":"open","sticky":false,"template":"","format":"standard","meta":{"footnotes":""},"categories":[28],"tags":[],"class_list":["post-4748","post","type-post","status-publish","format-standard","has-post-thumbnail","hentry","category-seguranca"],"yoast_head":"<!-- This site is optimized with the Yoast SEO plugin v26.0 - https:\/\/yoast.com\/wordpress\/plugins\/seo\/ -->\n<title>Intelig\u00eancia artificial aprimora monitoramento com c\u00e2meras - Comunidade Ativa<\/title>\n<meta name=\"robots\" content=\"index, follow, max-snippet:-1, max-image-preview:large, max-video-preview:-1\" \/>\n<link rel=\"canonical\" href=\"https:\/\/www.comunidadeativa.jor.br\/index.php\/2025\/03\/08\/inteligencia-artificial-aprimora-monitoramento-com-cameras\/\" \/>\n<meta property=\"og:locale\" content=\"pt_BR\" \/>\n<meta property=\"og:type\" content=\"article\" \/>\n<meta property=\"og:title\" content=\"Intelig\u00eancia artificial aprimora monitoramento com c\u00e2meras - Comunidade Ativa\" \/>\n<meta property=\"og:description\" content=\"O uso de tecnologia de ponta de ponta deve se tornar um refor\u00e7o para a seguran\u00e7a na Avenida Bandeirantes. A\" \/>\n<meta property=\"og:url\" content=\"https:\/\/www.comunidadeativa.jor.br\/index.php\/2025\/03\/08\/inteligencia-artificial-aprimora-monitoramento-com-cameras\/\" \/>\n<meta property=\"og:site_name\" content=\"Comunidade Ativa\" \/>\n<meta property=\"article:publisher\" content=\"https:\/\/www.facebook.com\/comunidadeativa\" \/>\n<meta property=\"article:published_time\" content=\"2025-03-08T22:23:11+00:00\" \/>\n<meta property=\"article:modified_time\" content=\"2025-10-06T17:33:43+00:00\" \/>\n<meta property=\"og:image\" content=\"http:\/\/www.comunidadeativa.jor.br\/wp-content\/uploads\/2025\/03\/cam.png\" \/>\n\t<meta property=\"og:image:width\" content=\"800\" \/>\n\t<meta property=\"og:image:height\" content=\"445\" \/>\n\t<meta property=\"og:image:type\" content=\"image\/png\" \/>\n<meta name=\"author\" content=\"Comunidade Ativa\" \/>\n<meta name=\"twitter:card\" content=\"summary_large_image\" \/>\n<meta name=\"twitter:label1\" content=\"Escrito por\" \/>\n\t<meta name=\"twitter:data1\" content=\"Comunidade Ativa\" \/>\n\t<meta name=\"twitter:label2\" content=\"Est. tempo de leitura\" \/>\n\t<meta name=\"twitter:data2\" content=\"3 minutos\" \/>\n<script type=\"application\/ld+json\" class=\"yoast-schema-graph\">{\"@context\":\"https:\/\/schema.org\",\"@graph\":[{\"@type\":\"Article\",\"@id\":\"https:\/\/www.comunidadeativa.jor.br\/index.php\/2025\/03\/08\/inteligencia-artificial-aprimora-monitoramento-com-cameras\/#article\",\"isPartOf\":{\"@id\":\"https:\/\/www.comunidadeativa.jor.br\/index.php\/2025\/03\/08\/inteligencia-artificial-aprimora-monitoramento-com-cameras\/\"},\"author\":{\"name\":\"Comunidade Ativa\",\"@id\":\"https:\/\/www.comunidadeativa.jor.br\/#\/schema\/person\/dcaa1f1c51c1f0c47a33b2b734cad6e1\"},\"headline\":\"Intelig\u00eancia artificial aprimora monitoramento com c\u00e2meras\",\"datePublished\":\"2025-03-08T22:23:11+00:00\",\"dateModified\":\"2025-10-06T17:33:43+00:00\",\"mainEntityOfPage\":{\"@id\":\"https:\/\/www.comunidadeativa.jor.br\/index.php\/2025\/03\/08\/inteligencia-artificial-aprimora-monitoramento-com-cameras\/\"},\"wordCount\":467,\"publisher\":{\"@id\":\"https:\/\/www.comunidadeativa.jor.br\/#organization\"},\"image\":{\"@id\":\"https:\/\/www.comunidadeativa.jor.br\/index.php\/2025\/03\/08\/inteligencia-artificial-aprimora-monitoramento-com-cameras\/#primaryimage\"},\"thumbnailUrl\":\"https:\/\/www.comunidadeativa.jor.br\/wp-content\/uploads\/2025\/03\/cam.png\",\"articleSection\":[\"Seguran\u00e7a\"],\"inLanguage\":\"pt-BR\"},{\"@type\":\"WebPage\",\"@id\":\"https:\/\/www.comunidadeativa.jor.br\/index.php\/2025\/03\/08\/inteligencia-artificial-aprimora-monitoramento-com-cameras\/\",\"url\":\"https:\/\/www.comunidadeativa.jor.br\/index.php\/2025\/03\/08\/inteligencia-artificial-aprimora-monitoramento-com-cameras\/\",\"name\":\"Intelig\u00eancia artificial aprimora monitoramento com c\u00e2meras - Comunidade Ativa\",\"isPartOf\":{\"@id\":\"https:\/\/www.comunidadeativa.jor.br\/#website\"},\"primaryImageOfPage\":{\"@id\":\"https:\/\/www.comunidadeativa.jor.br\/index.php\/2025\/03\/08\/inteligencia-artificial-aprimora-monitoramento-com-cameras\/#primaryimage\"},\"image\":{\"@id\":\"https:\/\/www.comunidadeativa.jor.br\/index.php\/2025\/03\/08\/inteligencia-artificial-aprimora-monitoramento-com-cameras\/#primaryimage\"},\"thumbnailUrl\":\"https:\/\/www.comunidadeativa.jor.br\/wp-content\/uploads\/2025\/03\/cam.png\",\"datePublished\":\"2025-03-08T22:23:11+00:00\",\"dateModified\":\"2025-10-06T17:33:43+00:00\",\"breadcrumb\":{\"@id\":\"https:\/\/www.comunidadeativa.jor.br\/index.php\/2025\/03\/08\/inteligencia-artificial-aprimora-monitoramento-com-cameras\/#breadcrumb\"},\"inLanguage\":\"pt-BR\",\"potentialAction\":[{\"@type\":\"ReadAction\",\"target\":[\"https:\/\/www.comunidadeativa.jor.br\/index.php\/2025\/03\/08\/inteligencia-artificial-aprimora-monitoramento-com-cameras\/\"]}]},{\"@type\":\"ImageObject\",\"inLanguage\":\"pt-BR\",\"@id\":\"https:\/\/www.comunidadeativa.jor.br\/index.php\/2025\/03\/08\/inteligencia-artificial-aprimora-monitoramento-com-cameras\/#primaryimage\",\"url\":\"https:\/\/www.comunidadeativa.jor.br\/wp-content\/uploads\/2025\/03\/cam.png\",\"contentUrl\":\"https:\/\/www.comunidadeativa.jor.br\/wp-content\/uploads\/2025\/03\/cam.png\",\"width\":800,\"height\":445},{\"@type\":\"BreadcrumbList\",\"@id\":\"https:\/\/www.comunidadeativa.jor.br\/index.php\/2025\/03\/08\/inteligencia-artificial-aprimora-monitoramento-com-cameras\/#breadcrumb\",\"itemListElement\":[{\"@type\":\"ListItem\",\"position\":1,\"name\":\"In\u00edcio\",\"item\":\"https:\/\/www.comunidadeativa.jor.br\/\"},{\"@type\":\"ListItem\",\"position\":2,\"name\":\"Intelig\u00eancia artificial aprimora monitoramento com c\u00e2meras\"}]},{\"@type\":\"WebSite\",\"@id\":\"https:\/\/www.comunidadeativa.jor.br\/#website\",\"url\":\"https:\/\/www.comunidadeativa.jor.br\/\",\"name\":\"Comunidade Ativa\",\"description\":\"\",\"publisher\":{\"@id\":\"https:\/\/www.comunidadeativa.jor.br\/#organization\"},\"potentialAction\":[{\"@type\":\"SearchAction\",\"target\":{\"@type\":\"EntryPoint\",\"urlTemplate\":\"https:\/\/www.comunidadeativa.jor.br\/?s={search_term_string}\"},\"query-input\":{\"@type\":\"PropertyValueSpecification\",\"valueRequired\":true,\"valueName\":\"search_term_string\"}}],\"inLanguage\":\"pt-BR\"},{\"@type\":\"Organization\",\"@id\":\"https:\/\/www.comunidadeativa.jor.br\/#organization\",\"name\":\"Comunidade Ativa\",\"url\":\"https:\/\/www.comunidadeativa.jor.br\/\",\"logo\":{\"@type\":\"ImageObject\",\"inLanguage\":\"pt-BR\",\"@id\":\"https:\/\/www.comunidadeativa.jor.br\/#\/schema\/logo\/image\/\",\"url\":\"https:\/\/www.comunidadeativa.jor.br\/wp-content\/uploads\/2018\/03\/cropped-LOGOPNG-1.png\",\"contentUrl\":\"https:\/\/www.comunidadeativa.jor.br\/wp-content\/uploads\/2018\/03\/cropped-LOGOPNG-1.png\",\"width\":318,\"height\":90,\"caption\":\"Comunidade Ativa\"},\"image\":{\"@id\":\"https:\/\/www.comunidadeativa.jor.br\/#\/schema\/logo\/image\/\"},\"sameAs\":[\"https:\/\/www.facebook.com\/comunidadeativa\"]},{\"@type\":\"Person\",\"@id\":\"https:\/\/www.comunidadeativa.jor.br\/#\/schema\/person\/dcaa1f1c51c1f0c47a33b2b734cad6e1\",\"name\":\"Comunidade Ativa\",\"image\":{\"@type\":\"ImageObject\",\"inLanguage\":\"pt-BR\",\"@id\":\"https:\/\/www.comunidadeativa.jor.br\/#\/schema\/person\/image\/\",\"url\":\"https:\/\/secure.gravatar.com\/avatar\/09a9a1f85fedf41e81b47f7c1d40084f?s=96&d=mm&r=g\",\"contentUrl\":\"https:\/\/secure.gravatar.com\/avatar\/09a9a1f85fedf41e81b47f7c1d40084f?s=96&d=mm&r=g\",\"caption\":\"Comunidade Ativa\"},\"url\":\"https:\/\/www.comunidadeativa.jor.br\/index.php\/author\/casalberto\/\"}]}<\/script>\n<!-- \/ Yoast SEO plugin. -->","yoast_head_json":{"title":"Intelig\u00eancia artificial aprimora monitoramento com c\u00e2meras - Comunidade Ativa","robots":{"index":"index","follow":"follow","max-snippet":"max-snippet:-1","max-image-preview":"max-image-preview:large","max-video-preview":"max-video-preview:-1"},"canonical":"https:\/\/www.comunidadeativa.jor.br\/index.php\/2025\/03\/08\/inteligencia-artificial-aprimora-monitoramento-com-cameras\/","og_locale":"pt_BR","og_type":"article","og_title":"Intelig\u00eancia artificial aprimora monitoramento com c\u00e2meras - Comunidade Ativa","og_description":"O uso de tecnologia de ponta de ponta deve se tornar um refor\u00e7o para a seguran\u00e7a na Avenida Bandeirantes. A","og_url":"https:\/\/www.comunidadeativa.jor.br\/index.php\/2025\/03\/08\/inteligencia-artificial-aprimora-monitoramento-com-cameras\/","og_site_name":"Comunidade Ativa","article_publisher":"https:\/\/www.facebook.com\/comunidadeativa","article_published_time":"2025-03-08T22:23:11+00:00","article_modified_time":"2025-10-06T17:33:43+00:00","og_image":[{"width":800,"height":445,"url":"http:\/\/www.comunidadeativa.jor.br\/wp-content\/uploads\/2025\/03\/cam.png","type":"image\/png"}],"author":"Comunidade Ativa","twitter_card":"summary_large_image","twitter_misc":{"Escrito por":"Comunidade Ativa","Est. tempo de leitura":"3 minutos"},"schema":{"@context":"https:\/\/schema.org","@graph":[{"@type":"Article","@id":"https:\/\/www.comunidadeativa.jor.br\/index.php\/2025\/03\/08\/inteligencia-artificial-aprimora-monitoramento-com-cameras\/#article","isPartOf":{"@id":"https:\/\/www.comunidadeativa.jor.br\/index.php\/2025\/03\/08\/inteligencia-artificial-aprimora-monitoramento-com-cameras\/"},"author":{"name":"Comunidade Ativa","@id":"https:\/\/www.comunidadeativa.jor.br\/#\/schema\/person\/dcaa1f1c51c1f0c47a33b2b734cad6e1"},"headline":"Intelig\u00eancia artificial aprimora monitoramento com c\u00e2meras","datePublished":"2025-03-08T22:23:11+00:00","dateModified":"2025-10-06T17:33:43+00:00","mainEntityOfPage":{"@id":"https:\/\/www.comunidadeativa.jor.br\/index.php\/2025\/03\/08\/inteligencia-artificial-aprimora-monitoramento-com-cameras\/"},"wordCount":467,"publisher":{"@id":"https:\/\/www.comunidadeativa.jor.br\/#organization"},"image":{"@id":"https:\/\/www.comunidadeativa.jor.br\/index.php\/2025\/03\/08\/inteligencia-artificial-aprimora-monitoramento-com-cameras\/#primaryimage"},"thumbnailUrl":"https:\/\/www.comunidadeativa.jor.br\/wp-content\/uploads\/2025\/03\/cam.png","articleSection":["Seguran\u00e7a"],"inLanguage":"pt-BR"},{"@type":"WebPage","@id":"https:\/\/www.comunidadeativa.jor.br\/index.php\/2025\/03\/08\/inteligencia-artificial-aprimora-monitoramento-com-cameras\/","url":"https:\/\/www.comunidadeativa.jor.br\/index.php\/2025\/03\/08\/inteligencia-artificial-aprimora-monitoramento-com-cameras\/","name":"Intelig\u00eancia artificial aprimora monitoramento com c\u00e2meras - Comunidade Ativa","isPartOf":{"@id":"https:\/\/www.comunidadeativa.jor.br\/#website"},"primaryImageOfPage":{"@id":"https:\/\/www.comunidadeativa.jor.br\/index.php\/2025\/03\/08\/inteligencia-artificial-aprimora-monitoramento-com-cameras\/#primaryimage"},"image":{"@id":"https:\/\/www.comunidadeativa.jor.br\/index.php\/2025\/03\/08\/inteligencia-artificial-aprimora-monitoramento-com-cameras\/#primaryimage"},"thumbnailUrl":"https:\/\/www.comunidadeativa.jor.br\/wp-content\/uploads\/2025\/03\/cam.png","datePublished":"2025-03-08T22:23:11+00:00","dateModified":"2025-10-06T17:33:43+00:00","breadcrumb":{"@id":"https:\/\/www.comunidadeativa.jor.br\/index.php\/2025\/03\/08\/inteligencia-artificial-aprimora-monitoramento-com-cameras\/#breadcrumb"},"inLanguage":"pt-BR","potentialAction":[{"@type":"ReadAction","target":["https:\/\/www.comunidadeativa.jor.br\/index.php\/2025\/03\/08\/inteligencia-artificial-aprimora-monitoramento-com-cameras\/"]}]},{"@type":"ImageObject","inLanguage":"pt-BR","@id":"https:\/\/www.comunidadeativa.jor.br\/index.php\/2025\/03\/08\/inteligencia-artificial-aprimora-monitoramento-com-cameras\/#primaryimage","url":"https:\/\/www.comunidadeativa.jor.br\/wp-content\/uploads\/2025\/03\/cam.png","contentUrl":"https:\/\/www.comunidadeativa.jor.br\/wp-content\/uploads\/2025\/03\/cam.png","width":800,"height":445},{"@type":"BreadcrumbList","@id":"https:\/\/www.comunidadeativa.jor.br\/index.php\/2025\/03\/08\/inteligencia-artificial-aprimora-monitoramento-com-cameras\/#breadcrumb","itemListElement":[{"@type":"ListItem","position":1,"name":"In\u00edcio","item":"https:\/\/www.comunidadeativa.jor.br\/"},{"@type":"ListItem","position":2,"name":"Intelig\u00eancia artificial aprimora monitoramento com c\u00e2meras"}]},{"@type":"WebSite","@id":"https:\/\/www.comunidadeativa.jor.br\/#website","url":"https:\/\/www.comunidadeativa.jor.br\/","name":"Comunidade Ativa","description":"","publisher":{"@id":"https:\/\/www.comunidadeativa.jor.br\/#organization"},"potentialAction":[{"@type":"SearchAction","target":{"@type":"EntryPoint","urlTemplate":"https:\/\/www.comunidadeativa.jor.br\/?s={search_term_string}"},"query-input":{"@type":"PropertyValueSpecification","valueRequired":true,"valueName":"search_term_string"}}],"inLanguage":"pt-BR"},{"@type":"Organization","@id":"https:\/\/www.comunidadeativa.jor.br\/#organization","name":"Comunidade Ativa","url":"https:\/\/www.comunidadeativa.jor.br\/","logo":{"@type":"ImageObject","inLanguage":"pt-BR","@id":"https:\/\/www.comunidadeativa.jor.br\/#\/schema\/logo\/image\/","url":"https:\/\/www.comunidadeativa.jor.br\/wp-content\/uploads\/2018\/03\/cropped-LOGOPNG-1.png","contentUrl":"https:\/\/www.comunidadeativa.jor.br\/wp-content\/uploads\/2018\/03\/cropped-LOGOPNG-1.png","width":318,"height":90,"caption":"Comunidade Ativa"},"image":{"@id":"https:\/\/www.comunidadeativa.jor.br\/#\/schema\/logo\/image\/"},"sameAs":["https:\/\/www.facebook.com\/comunidadeativa"]},{"@type":"Person","@id":"https:\/\/www.comunidadeativa.jor.br\/#\/schema\/person\/dcaa1f1c51c1f0c47a33b2b734cad6e1","name":"Comunidade Ativa","image":{"@type":"ImageObject","inLanguage":"pt-BR","@id":"https:\/\/www.comunidadeativa.jor.br\/#\/schema\/person\/image\/","url":"https:\/\/secure.gravatar.com\/avatar\/09a9a1f85fedf41e81b47f7c1d40084f?s=96&d=mm&r=g","contentUrl":"https:\/\/secure.gravatar.com\/avatar\/09a9a1f85fedf41e81b47f7c1d40084f?s=96&d=mm&r=g","caption":"Comunidade Ativa"},"url":"https:\/\/www.comunidadeativa.jor.br\/index.php\/author\/casalberto\/"}]}},"_links":{"self":[{"href":"https:\/\/www.comunidadeativa.jor.br\/index.php\/wp-json\/wp\/v2\/posts\/4748","targetHints":{"allow":["GET"]}}],"collection":[{"href":"https:\/\/www.comunidadeativa.jor.br\/index.php\/wp-json\/wp\/v2\/posts"}],"about":[{"href":"https:\/\/www.comunidadeativa.jor.br\/index.php\/wp-json\/wp\/v2\/types\/post"}],"author":[{"embeddable":true,"href":"https:\/\/www.comunidadeativa.jor.br\/index.php\/wp-json\/wp\/v2\/users\/1"}],"replies":[{"embeddable":true,"href":"https:\/\/www.comunidadeativa.jor.br\/index.php\/wp-json\/wp\/v2\/comments?post=4748"}],"version-history":[{"count":2,"href":"https:\/\/www.comunidadeativa.jor.br\/index.php\/wp-json\/wp\/v2\/posts\/4748\/revisions"}],"predecessor-version":[{"id":4763,"href":"https:\/\/www.comunidadeativa.jor.br\/index.php\/wp-json\/wp\/v2\/posts\/4748\/revisions\/4763"}],"wp:featuredmedia":[{"embeddable":true,"href":"https:\/\/www.comunidadeativa.jor.br\/index.php\/wp-json\/wp\/v2\/media\/4762"}],"wp:attachment":[{"href":"https:\/\/www.comunidadeativa.jor.br\/index.php\/wp-json\/wp\/v2\/media?parent=4748"}],"wp:term":[{"taxonomy":"category","embeddable":true,"href":"https:\/\/www.comunidadeativa.jor.br\/index.php\/wp-json\/wp\/v2\/categories?post=4748"},{"taxonomy":"post_tag","embeddable":true,"href":"https:\/\/www.comunidadeativa.jor.br\/index.php\/wp-json\/wp\/v2\/tags?post=4748"}],"curies":[{"name":"wp","href":"https:\/\/api.w.org\/{rel}","templated":true}]}}