{"id":4922,"date":"2025-12-02T17:57:11","date_gmt":"2025-12-02T20:57:11","guid":{"rendered":"https:\/\/www.comunidadeativa.jor.br\/?p=4922"},"modified":"2025-12-02T17:57:55","modified_gmt":"2025-12-02T20:57:55","slug":"1a-reuniao-da-rede-de-protecao-preventiva-com-a-pmmg-e-a-amoran","status":"publish","type":"post","link":"https:\/\/www.comunidadeativa.jor.br\/index.php\/2025\/12\/02\/1a-reuniao-da-rede-de-protecao-preventiva-com-a-pmmg-e-a-amoran\/","title":{"rendered":"1\u00aa Reuni\u00e3o da Rede de Prote\u00e7\u00e3o Preventiva com a PMMG e a Amoran"},"content":{"rendered":"<p>Em visita \u00e0 Amoran, no dia 17 de novembro, o tenente Wederson, comandante do policiamento do Anchieta e Cruzeiro, definiu com o presidente Carlos Alberto Rocha os detalhes da Primeira Reuni\u00e3o da Rede de Prote\u00e7\u00e3o Preventiva (RPP), que ter\u00e1 participa\u00e7\u00e3o da PMMG. Representantes dos n\u00facleos j\u00e1 organizados receber\u00e3o informa\u00e7\u00f5es sobre o suporte oferecido pela corpora\u00e7\u00e3o e sobre a estrutura\u00e7\u00e3o da rede.<\/p>\n<p>Segundo Carlos Alberto, o aumento dos cadastros j\u00e1 permite o in\u00edcio das a\u00e7\u00f5es. \u201cA partir do modelo da PMMG, estruturamos a rede local, que busca a participa\u00e7\u00e3o efetiva da comunidade, essencial para o sucesso da estrat\u00e9gia. Os integrantes ter\u00e3o autonomia para escolher as a\u00e7\u00f5es, sempre com orienta\u00e7\u00e3o t\u00e9cnica\u201d, afirma.<\/p>\n<p>O tenente apresentar\u00e1 o funcionamento da RPP. \u201cDepois, vamos abordar as possibilidades que pesquisamos no mercado, desde apitos at\u00e9 sistemas sofisticados de monitoramento. A rede decidir\u00e1 o que implantar conforme a realidade de cada rua e quarteir\u00e3o\u201d, explica Carlos Alberto.<\/p>\n<p>No encontro, tamb\u00e9m ser\u00e1 discutida a identifica\u00e7\u00e3o dos im\u00f3veis da RPP, feita por meio de placas personalizadas. \u201cElas sinalizam o im\u00f3vel integrado \u00e0 rede. Mas muita gente quer apenas comprar a placa, e isso n\u00e3o faz sentido: ela \u00e9 s\u00f3 um detalhe dentro de um conjunto de medidas preventivas\u201d, diz.<\/p>\n<p>A quantidade de vagas para o encontro \u00e9 limitada, e \u00e9 necess\u00e1rio fazer inscri\u00e7\u00e3o pr\u00e9via. \u201cPriorizamos representantes de n\u00facleos, mas outras pessoas tamb\u00e9m poder\u00e3o participar, mesmo que ainda n\u00e3o estejam cadastradas\u201d, informa Carlos Alberto.<\/p>\n<p>A Primeira Reuni\u00e3o da RPP ser\u00e1 no dia 11 de dezembro, das 19h30 \u00e0s 21h, na Amoran (Rua Itapema, 162, Anchieta).<\/p>\n<p><a href=\"https:\/\/amoran.net\/?page_id=1862\">Clique aqui<\/a> para se inscrever.<\/p>\n","protected":false},"excerpt":{"rendered":"<p>Em visita \u00e0 Amoran, no dia 17 de novembro, o tenente Wederson, comandante do policiamento do Anchieta e Cruzeiro, definiu<\/p>\n","protected":false},"author":1,"featured_media":4923,"comment_status":"closed","ping_status":"open","sticky":false,"template":"","format":"standard","meta":{"footnotes":""},"categories":[28],"tags":[],"class_list":["post-4922","post","type-post","status-publish","format-standard","has-post-thumbnail","hentry","category-seguranca"],"yoast_head":"<!-- This site is optimized with the Yoast SEO plugin v26.0 - https:\/\/yoast.com\/wordpress\/plugins\/seo\/ -->\n<title>1\u00aa Reuni\u00e3o da Rede de Prote\u00e7\u00e3o Preventiva com a PMMG e a Amoran - Comunidade Ativa<\/title>\n<meta name=\"robots\" content=\"index, follow, max-snippet:-1, max-image-preview:large, max-video-preview:-1\" \/>\n<link rel=\"canonical\" href=\"https:\/\/www.comunidadeativa.jor.br\/index.php\/2025\/12\/02\/1a-reuniao-da-rede-de-protecao-preventiva-com-a-pmmg-e-a-amoran\/\" \/>\n<meta property=\"og:locale\" content=\"pt_BR\" \/>\n<meta property=\"og:type\" content=\"article\" \/>\n<meta property=\"og:title\" content=\"1\u00aa Reuni\u00e3o da Rede de Prote\u00e7\u00e3o Preventiva com a PMMG e a Amoran - Comunidade Ativa\" \/>\n<meta property=\"og:description\" content=\"Em visita \u00e0 Amoran, no dia 17 de novembro, o tenente Wederson, comandante do policiamento do Anchieta e Cruzeiro, definiu\" \/>\n<meta property=\"og:url\" content=\"https:\/\/www.comunidadeativa.jor.br\/index.php\/2025\/12\/02\/1a-reuniao-da-rede-de-protecao-preventiva-com-a-pmmg-e-a-amoran\/\" \/>\n<meta property=\"og:site_name\" content=\"Comunidade Ativa\" \/>\n<meta property=\"article:publisher\" content=\"https:\/\/www.facebook.com\/comunidadeativa\" \/>\n<meta property=\"article:published_time\" content=\"2025-12-02T20:57:11+00:00\" \/>\n<meta property=\"article:modified_time\" content=\"2025-12-02T20:57:55+00:00\" \/>\n<meta property=\"og:image\" content=\"http:\/\/www.comunidadeativa.jor.br\/wp-content\/uploads\/2025\/12\/RPP.png\" \/>\n\t<meta property=\"og:image:width\" content=\"800\" \/>\n\t<meta property=\"og:image:height\" content=\"445\" \/>\n\t<meta property=\"og:image:type\" content=\"image\/png\" \/>\n<meta name=\"author\" content=\"Comunidade Ativa\" \/>\n<meta name=\"twitter:card\" content=\"summary_large_image\" \/>\n<meta name=\"twitter:label1\" content=\"Escrito por\" \/>\n\t<meta name=\"twitter:data1\" content=\"Comunidade Ativa\" \/>\n\t<meta name=\"twitter:label2\" content=\"Est. tempo de leitura\" \/>\n\t<meta name=\"twitter:data2\" content=\"2 minutos\" \/>\n<script type=\"application\/ld+json\" class=\"yoast-schema-graph\">{\"@context\":\"https:\/\/schema.org\",\"@graph\":[{\"@type\":\"Article\",\"@id\":\"https:\/\/www.comunidadeativa.jor.br\/index.php\/2025\/12\/02\/1a-reuniao-da-rede-de-protecao-preventiva-com-a-pmmg-e-a-amoran\/#article\",\"isPartOf\":{\"@id\":\"https:\/\/www.comunidadeativa.jor.br\/index.php\/2025\/12\/02\/1a-reuniao-da-rede-de-protecao-preventiva-com-a-pmmg-e-a-amoran\/\"},\"author\":{\"name\":\"Comunidade Ativa\",\"@id\":\"https:\/\/www.comunidadeativa.jor.br\/#\/schema\/person\/dcaa1f1c51c1f0c47a33b2b734cad6e1\"},\"headline\":\"1\u00aa Reuni\u00e3o da Rede de Prote\u00e7\u00e3o Preventiva com a PMMG e a Amoran\",\"datePublished\":\"2025-12-02T20:57:11+00:00\",\"dateModified\":\"2025-12-02T20:57:55+00:00\",\"mainEntityOfPage\":{\"@id\":\"https:\/\/www.comunidadeativa.jor.br\/index.php\/2025\/12\/02\/1a-reuniao-da-rede-de-protecao-preventiva-com-a-pmmg-e-a-amoran\/\"},\"wordCount\":296,\"publisher\":{\"@id\":\"https:\/\/www.comunidadeativa.jor.br\/#organization\"},\"image\":{\"@id\":\"https:\/\/www.comunidadeativa.jor.br\/index.php\/2025\/12\/02\/1a-reuniao-da-rede-de-protecao-preventiva-com-a-pmmg-e-a-amoran\/#primaryimage\"},\"thumbnailUrl\":\"https:\/\/www.comunidadeativa.jor.br\/wp-content\/uploads\/2025\/12\/RPP.png\",\"articleSection\":[\"Seguran\u00e7a\"],\"inLanguage\":\"pt-BR\"},{\"@type\":\"WebPage\",\"@id\":\"https:\/\/www.comunidadeativa.jor.br\/index.php\/2025\/12\/02\/1a-reuniao-da-rede-de-protecao-preventiva-com-a-pmmg-e-a-amoran\/\",\"url\":\"https:\/\/www.comunidadeativa.jor.br\/index.php\/2025\/12\/02\/1a-reuniao-da-rede-de-protecao-preventiva-com-a-pmmg-e-a-amoran\/\",\"name\":\"1\u00aa Reuni\u00e3o da Rede de Prote\u00e7\u00e3o Preventiva com a PMMG e a Amoran - Comunidade Ativa\",\"isPartOf\":{\"@id\":\"https:\/\/www.comunidadeativa.jor.br\/#website\"},\"primaryImageOfPage\":{\"@id\":\"https:\/\/www.comunidadeativa.jor.br\/index.php\/2025\/12\/02\/1a-reuniao-da-rede-de-protecao-preventiva-com-a-pmmg-e-a-amoran\/#primaryimage\"},\"image\":{\"@id\":\"https:\/\/www.comunidadeativa.jor.br\/index.php\/2025\/12\/02\/1a-reuniao-da-rede-de-protecao-preventiva-com-a-pmmg-e-a-amoran\/#primaryimage\"},\"thumbnailUrl\":\"https:\/\/www.comunidadeativa.jor.br\/wp-content\/uploads\/2025\/12\/RPP.png\",\"datePublished\":\"2025-12-02T20:57:11+00:00\",\"dateModified\":\"2025-12-02T20:57:55+00:00\",\"breadcrumb\":{\"@id\":\"https:\/\/www.comunidadeativa.jor.br\/index.php\/2025\/12\/02\/1a-reuniao-da-rede-de-protecao-preventiva-com-a-pmmg-e-a-amoran\/#breadcrumb\"},\"inLanguage\":\"pt-BR\",\"potentialAction\":[{\"@type\":\"ReadAction\",\"target\":[\"https:\/\/www.comunidadeativa.jor.br\/index.php\/2025\/12\/02\/1a-reuniao-da-rede-de-protecao-preventiva-com-a-pmmg-e-a-amoran\/\"]}]},{\"@type\":\"ImageObject\",\"inLanguage\":\"pt-BR\",\"@id\":\"https:\/\/www.comunidadeativa.jor.br\/index.php\/2025\/12\/02\/1a-reuniao-da-rede-de-protecao-preventiva-com-a-pmmg-e-a-amoran\/#primaryimage\",\"url\":\"https:\/\/www.comunidadeativa.jor.br\/wp-content\/uploads\/2025\/12\/RPP.png\",\"contentUrl\":\"https:\/\/www.comunidadeativa.jor.br\/wp-content\/uploads\/2025\/12\/RPP.png\",\"width\":800,\"height\":445},{\"@type\":\"BreadcrumbList\",\"@id\":\"https:\/\/www.comunidadeativa.jor.br\/index.php\/2025\/12\/02\/1a-reuniao-da-rede-de-protecao-preventiva-com-a-pmmg-e-a-amoran\/#breadcrumb\",\"itemListElement\":[{\"@type\":\"ListItem\",\"position\":1,\"name\":\"In\u00edcio\",\"item\":\"https:\/\/www.comunidadeativa.jor.br\/\"},{\"@type\":\"ListItem\",\"position\":2,\"name\":\"1\u00aa Reuni\u00e3o da Rede de Prote\u00e7\u00e3o Preventiva com a PMMG e a Amoran\"}]},{\"@type\":\"WebSite\",\"@id\":\"https:\/\/www.comunidadeativa.jor.br\/#website\",\"url\":\"https:\/\/www.comunidadeativa.jor.br\/\",\"name\":\"Comunidade Ativa\",\"description\":\"\",\"publisher\":{\"@id\":\"https:\/\/www.comunidadeativa.jor.br\/#organization\"},\"potentialAction\":[{\"@type\":\"SearchAction\",\"target\":{\"@type\":\"EntryPoint\",\"urlTemplate\":\"https:\/\/www.comunidadeativa.jor.br\/?s={search_term_string}\"},\"query-input\":{\"@type\":\"PropertyValueSpecification\",\"valueRequired\":true,\"valueName\":\"search_term_string\"}}],\"inLanguage\":\"pt-BR\"},{\"@type\":\"Organization\",\"@id\":\"https:\/\/www.comunidadeativa.jor.br\/#organization\",\"name\":\"Comunidade Ativa\",\"url\":\"https:\/\/www.comunidadeativa.jor.br\/\",\"logo\":{\"@type\":\"ImageObject\",\"inLanguage\":\"pt-BR\",\"@id\":\"https:\/\/www.comunidadeativa.jor.br\/#\/schema\/logo\/image\/\",\"url\":\"https:\/\/www.comunidadeativa.jor.br\/wp-content\/uploads\/2018\/03\/cropped-LOGOPNG-1.png\",\"contentUrl\":\"https:\/\/www.comunidadeativa.jor.br\/wp-content\/uploads\/2018\/03\/cropped-LOGOPNG-1.png\",\"width\":318,\"height\":90,\"caption\":\"Comunidade Ativa\"},\"image\":{\"@id\":\"https:\/\/www.comunidadeativa.jor.br\/#\/schema\/logo\/image\/\"},\"sameAs\":[\"https:\/\/www.facebook.com\/comunidadeativa\"]},{\"@type\":\"Person\",\"@id\":\"https:\/\/www.comunidadeativa.jor.br\/#\/schema\/person\/dcaa1f1c51c1f0c47a33b2b734cad6e1\",\"name\":\"Comunidade Ativa\",\"image\":{\"@type\":\"ImageObject\",\"inLanguage\":\"pt-BR\",\"@id\":\"https:\/\/www.comunidadeativa.jor.br\/#\/schema\/person\/image\/\",\"url\":\"https:\/\/secure.gravatar.com\/avatar\/09a9a1f85fedf41e81b47f7c1d40084f?s=96&d=mm&r=g\",\"contentUrl\":\"https:\/\/secure.gravatar.com\/avatar\/09a9a1f85fedf41e81b47f7c1d40084f?s=96&d=mm&r=g\",\"caption\":\"Comunidade Ativa\"},\"url\":\"https:\/\/www.comunidadeativa.jor.br\/index.php\/author\/casalberto\/\"}]}<\/script>\n<!-- \/ Yoast SEO plugin. -->","yoast_head_json":{"title":"1\u00aa Reuni\u00e3o da Rede de Prote\u00e7\u00e3o Preventiva com a PMMG e a Amoran - Comunidade Ativa","robots":{"index":"index","follow":"follow","max-snippet":"max-snippet:-1","max-image-preview":"max-image-preview:large","max-video-preview":"max-video-preview:-1"},"canonical":"https:\/\/www.comunidadeativa.jor.br\/index.php\/2025\/12\/02\/1a-reuniao-da-rede-de-protecao-preventiva-com-a-pmmg-e-a-amoran\/","og_locale":"pt_BR","og_type":"article","og_title":"1\u00aa Reuni\u00e3o da Rede de Prote\u00e7\u00e3o Preventiva com a PMMG e a Amoran - Comunidade Ativa","og_description":"Em visita \u00e0 Amoran, no dia 17 de novembro, o tenente Wederson, comandante do policiamento do Anchieta e Cruzeiro, definiu","og_url":"https:\/\/www.comunidadeativa.jor.br\/index.php\/2025\/12\/02\/1a-reuniao-da-rede-de-protecao-preventiva-com-a-pmmg-e-a-amoran\/","og_site_name":"Comunidade Ativa","article_publisher":"https:\/\/www.facebook.com\/comunidadeativa","article_published_time":"2025-12-02T20:57:11+00:00","article_modified_time":"2025-12-02T20:57:55+00:00","og_image":[{"width":800,"height":445,"url":"http:\/\/www.comunidadeativa.jor.br\/wp-content\/uploads\/2025\/12\/RPP.png","type":"image\/png"}],"author":"Comunidade Ativa","twitter_card":"summary_large_image","twitter_misc":{"Escrito por":"Comunidade Ativa","Est. tempo de leitura":"2 minutos"},"schema":{"@context":"https:\/\/schema.org","@graph":[{"@type":"Article","@id":"https:\/\/www.comunidadeativa.jor.br\/index.php\/2025\/12\/02\/1a-reuniao-da-rede-de-protecao-preventiva-com-a-pmmg-e-a-amoran\/#article","isPartOf":{"@id":"https:\/\/www.comunidadeativa.jor.br\/index.php\/2025\/12\/02\/1a-reuniao-da-rede-de-protecao-preventiva-com-a-pmmg-e-a-amoran\/"},"author":{"name":"Comunidade Ativa","@id":"https:\/\/www.comunidadeativa.jor.br\/#\/schema\/person\/dcaa1f1c51c1f0c47a33b2b734cad6e1"},"headline":"1\u00aa Reuni\u00e3o da Rede de Prote\u00e7\u00e3o Preventiva com a PMMG e a Amoran","datePublished":"2025-12-02T20:57:11+00:00","dateModified":"2025-12-02T20:57:55+00:00","mainEntityOfPage":{"@id":"https:\/\/www.comunidadeativa.jor.br\/index.php\/2025\/12\/02\/1a-reuniao-da-rede-de-protecao-preventiva-com-a-pmmg-e-a-amoran\/"},"wordCount":296,"publisher":{"@id":"https:\/\/www.comunidadeativa.jor.br\/#organization"},"image":{"@id":"https:\/\/www.comunidadeativa.jor.br\/index.php\/2025\/12\/02\/1a-reuniao-da-rede-de-protecao-preventiva-com-a-pmmg-e-a-amoran\/#primaryimage"},"thumbnailUrl":"https:\/\/www.comunidadeativa.jor.br\/wp-content\/uploads\/2025\/12\/RPP.png","articleSection":["Seguran\u00e7a"],"inLanguage":"pt-BR"},{"@type":"WebPage","@id":"https:\/\/www.comunidadeativa.jor.br\/index.php\/2025\/12\/02\/1a-reuniao-da-rede-de-protecao-preventiva-com-a-pmmg-e-a-amoran\/","url":"https:\/\/www.comunidadeativa.jor.br\/index.php\/2025\/12\/02\/1a-reuniao-da-rede-de-protecao-preventiva-com-a-pmmg-e-a-amoran\/","name":"1\u00aa Reuni\u00e3o da Rede de Prote\u00e7\u00e3o Preventiva com a PMMG e a Amoran - Comunidade Ativa","isPartOf":{"@id":"https:\/\/www.comunidadeativa.jor.br\/#website"},"primaryImageOfPage":{"@id":"https:\/\/www.comunidadeativa.jor.br\/index.php\/2025\/12\/02\/1a-reuniao-da-rede-de-protecao-preventiva-com-a-pmmg-e-a-amoran\/#primaryimage"},"image":{"@id":"https:\/\/www.comunidadeativa.jor.br\/index.php\/2025\/12\/02\/1a-reuniao-da-rede-de-protecao-preventiva-com-a-pmmg-e-a-amoran\/#primaryimage"},"thumbnailUrl":"https:\/\/www.comunidadeativa.jor.br\/wp-content\/uploads\/2025\/12\/RPP.png","datePublished":"2025-12-02T20:57:11+00:00","dateModified":"2025-12-02T20:57:55+00:00","breadcrumb":{"@id":"https:\/\/www.comunidadeativa.jor.br\/index.php\/2025\/12\/02\/1a-reuniao-da-rede-de-protecao-preventiva-com-a-pmmg-e-a-amoran\/#breadcrumb"},"inLanguage":"pt-BR","potentialAction":[{"@type":"ReadAction","target":["https:\/\/www.comunidadeativa.jor.br\/index.php\/2025\/12\/02\/1a-reuniao-da-rede-de-protecao-preventiva-com-a-pmmg-e-a-amoran\/"]}]},{"@type":"ImageObject","inLanguage":"pt-BR","@id":"https:\/\/www.comunidadeativa.jor.br\/index.php\/2025\/12\/02\/1a-reuniao-da-rede-de-protecao-preventiva-com-a-pmmg-e-a-amoran\/#primaryimage","url":"https:\/\/www.comunidadeativa.jor.br\/wp-content\/uploads\/2025\/12\/RPP.png","contentUrl":"https:\/\/www.comunidadeativa.jor.br\/wp-content\/uploads\/2025\/12\/RPP.png","width":800,"height":445},{"@type":"BreadcrumbList","@id":"https:\/\/www.comunidadeativa.jor.br\/index.php\/2025\/12\/02\/1a-reuniao-da-rede-de-protecao-preventiva-com-a-pmmg-e-a-amoran\/#breadcrumb","itemListElement":[{"@type":"ListItem","position":1,"name":"In\u00edcio","item":"https:\/\/www.comunidadeativa.jor.br\/"},{"@type":"ListItem","position":2,"name":"1\u00aa Reuni\u00e3o da Rede de Prote\u00e7\u00e3o Preventiva com a PMMG e a Amoran"}]},{"@type":"WebSite","@id":"https:\/\/www.comunidadeativa.jor.br\/#website","url":"https:\/\/www.comunidadeativa.jor.br\/","name":"Comunidade Ativa","description":"","publisher":{"@id":"https:\/\/www.comunidadeativa.jor.br\/#organization"},"potentialAction":[{"@type":"SearchAction","target":{"@type":"EntryPoint","urlTemplate":"https:\/\/www.comunidadeativa.jor.br\/?s={search_term_string}"},"query-input":{"@type":"PropertyValueSpecification","valueRequired":true,"valueName":"search_term_string"}}],"inLanguage":"pt-BR"},{"@type":"Organization","@id":"https:\/\/www.comunidadeativa.jor.br\/#organization","name":"Comunidade Ativa","url":"https:\/\/www.comunidadeativa.jor.br\/","logo":{"@type":"ImageObject","inLanguage":"pt-BR","@id":"https:\/\/www.comunidadeativa.jor.br\/#\/schema\/logo\/image\/","url":"https:\/\/www.comunidadeativa.jor.br\/wp-content\/uploads\/2018\/03\/cropped-LOGOPNG-1.png","contentUrl":"https:\/\/www.comunidadeativa.jor.br\/wp-content\/uploads\/2018\/03\/cropped-LOGOPNG-1.png","width":318,"height":90,"caption":"Comunidade Ativa"},"image":{"@id":"https:\/\/www.comunidadeativa.jor.br\/#\/schema\/logo\/image\/"},"sameAs":["https:\/\/www.facebook.com\/comunidadeativa"]},{"@type":"Person","@id":"https:\/\/www.comunidadeativa.jor.br\/#\/schema\/person\/dcaa1f1c51c1f0c47a33b2b734cad6e1","name":"Comunidade Ativa","image":{"@type":"ImageObject","inLanguage":"pt-BR","@id":"https:\/\/www.comunidadeativa.jor.br\/#\/schema\/person\/image\/","url":"https:\/\/secure.gravatar.com\/avatar\/09a9a1f85fedf41e81b47f7c1d40084f?s=96&d=mm&r=g","contentUrl":"https:\/\/secure.gravatar.com\/avatar\/09a9a1f85fedf41e81b47f7c1d40084f?s=96&d=mm&r=g","caption":"Comunidade Ativa"},"url":"https:\/\/www.comunidadeativa.jor.br\/index.php\/author\/casalberto\/"}]}},"_links":{"self":[{"href":"https:\/\/www.comunidadeativa.jor.br\/index.php\/wp-json\/wp\/v2\/posts\/4922","targetHints":{"allow":["GET"]}}],"collection":[{"href":"https:\/\/www.comunidadeativa.jor.br\/index.php\/wp-json\/wp\/v2\/posts"}],"about":[{"href":"https:\/\/www.comunidadeativa.jor.br\/index.php\/wp-json\/wp\/v2\/types\/post"}],"author":[{"embeddable":true,"href":"https:\/\/www.comunidadeativa.jor.br\/index.php\/wp-json\/wp\/v2\/users\/1"}],"replies":[{"embeddable":true,"href":"https:\/\/www.comunidadeativa.jor.br\/index.php\/wp-json\/wp\/v2\/comments?post=4922"}],"version-history":[{"count":1,"href":"https:\/\/www.comunidadeativa.jor.br\/index.php\/wp-json\/wp\/v2\/posts\/4922\/revisions"}],"predecessor-version":[{"id":4924,"href":"https:\/\/www.comunidadeativa.jor.br\/index.php\/wp-json\/wp\/v2\/posts\/4922\/revisions\/4924"}],"wp:featuredmedia":[{"embeddable":true,"href":"https:\/\/www.comunidadeativa.jor.br\/index.php\/wp-json\/wp\/v2\/media\/4923"}],"wp:attachment":[{"href":"https:\/\/www.comunidadeativa.jor.br\/index.php\/wp-json\/wp\/v2\/media?parent=4922"}],"wp:term":[{"taxonomy":"category","embeddable":true,"href":"https:\/\/www.comunidadeativa.jor.br\/index.php\/wp-json\/wp\/v2\/categories?post=4922"},{"taxonomy":"post_tag","embeddable":true,"href":"https:\/\/www.comunidadeativa.jor.br\/index.php\/wp-json\/wp\/v2\/tags?post=4922"}],"curies":[{"name":"wp","href":"https:\/\/api.w.org\/{rel}","templated":true}]}}