{"id":536,"date":"2020-04-27T15:09:22","date_gmt":"2020-04-27T18:09:22","guid":{"rendered":"http:\/\/www.comunidadeativa.jor.br\/?p=536"},"modified":"2020-06-24T16:28:27","modified_gmt":"2020-06-24T19:28:27","slug":"campanha-de-doacao-de-botijoes-de-gas","status":"publish","type":"post","link":"https:\/\/www.comunidadeativa.jor.br\/index.php\/2020\/04\/27\/campanha-de-doacao-de-botijoes-de-gas\/","title":{"rendered":"Campanha de Doa\u00e7\u00e3o de Botij\u00f5es de G\u00e1s"},"content":{"rendered":"\r\n<figure class=\"wp-block-image size-large\"><img loading=\"lazy\" decoding=\"async\" width=\"725\" height=\"484\" class=\"wp-image-556\" src=\"http:\/\/www.comunidadeativa.jor.br\/wp-content\/uploads\/2020\/04\/BANNERSITE.jpg\" alt=\"\" srcset=\"https:\/\/www.comunidadeativa.jor.br\/wp-content\/uploads\/2020\/04\/BANNERSITE.jpg 725w, https:\/\/www.comunidadeativa.jor.br\/wp-content\/uploads\/2020\/04\/BANNERSITE-300x200.jpg 300w\" sizes=\"auto, (max-width: 725px) 100vw, 725px\" \/>\r\n<figcaption><a href=\"http:\/\/amoran.net\/?p=1053\">http:\/\/amoran.net\/?p=1053<\/a><\/figcaption>\r\n<\/figure>\r\n\r\n\r\n\r\n<p>Para amenizar a afli\u00e7\u00e3o das fam\u00edlias da Vila Acaba Mundo, que j\u00e1 receberam doa\u00e7\u00f5es de alimentos, mas que come\u00e7am a ficar sem o g\u00e1s de cozinha, a Amoran est\u00e1 promovendo esta <strong><a href=\"http:\/\/amoran.net\/?p=1053\">Campanha de Doa\u00e7\u00e3o de Botij\u00f5es de G\u00e1s<\/a><\/strong>. A a\u00e7\u00e3o conta com a participa\u00e7\u00e3o direta da <strong>Associa\u00e7\u00e3o dos Moradores da Vila Acaba Mundo<\/strong>, que est\u00e1 cadastrando as pessoas que realmente est\u00e3o necessitadas.<\/p>\r\n\r\n\r\n\r\n<h4 class=\"wp-block-heading\">Transpar\u00eancia<\/h4>\r\n\r\n\r\n\r\n<p>Todo o processo est\u00e1 sendo desenvolvido de forma a oferecer a m\u00e1xima transpar\u00eancia e todos os detalhes que est\u00e3o apresentados nos <a href=\"http:\/\/amoran.net\/?p=1065\">Termos da Campanha<\/a>. &#8220;Nossa ideia \u00e9 simples. Por meio das contribui\u00e7\u00f5es que recebermos, vamos comprar botij\u00f5es de g\u00e1s, que ser\u00e3o doados a quem realmente necessita. Para tanto, a sele\u00e7\u00e3o dos potenciais benefici\u00e1rios da campanha e todo o controle das entregas do botij\u00f5es ser\u00e3o feitos com o acompanhamento direto do Laerte Gon\u00e7alves, que \u00e9 presidente da Associa\u00e7\u00e3o dos Moradores da Vila Acaba Mundo&#8221;, diz Carlos Alberto Rocha, presidente da Amoran.<\/p>\r\n\r\n\r\n\r\n<p>De acordo com Carlos Alberto a a\u00e7\u00e3o \u00e9 extremamente necess\u00e1ria e vai ao encontro dos princ\u00edpios que a Amoran cultiva. &#8220;Seja no cumprimento do isolamento social, seja na manifesta\u00e7\u00e3o da solidariedade, estamos vivendo uma \u00e9poca na qual a capacidade que cada um de n\u00f3s tem para exercer a pr\u00f3pria cidadania est\u00e1 sendo exigida ao m\u00e1ximo. N\u00e3o devemos esperar a\u00e7\u00f5es somente do Poder P\u00fablico. Devemos n\u00f3s mesmos assumir responsabilidades sobre as nossas pr\u00f3prias vidas, sobre as vidas das nossas fam\u00edlias e, al\u00e9m disso, na medida do poss\u00edvel, sobre as vidas das pessoas que nos cercam, sobretudo daquelas menos favorecidas. Foi com este pensamento, que vai ao encontro da miss\u00e3o assumida pela Amoran, que escolhemos apoiar a Associa\u00e7\u00e3o dos Moradores da Vila Acaba Mundo na busca pela solu\u00e7\u00e3o de um problema que come\u00e7a a surgir naquela comunidade, que \u00e9 o da falta de g\u00e1s de cozinha&#8221;, explica Carlos Alberto.<\/p>\r\n\r\n\r\n\r\n<h4 class=\"wp-block-heading\">Como doar?<\/h4>\r\n\r\n\r\n\r\n<p>As doa\u00e7\u00f5es pode ser feita a partir de uma das tr\u00eas op\u00e7\u00f5es abaixo!<\/p>\r\n\r\n\r\n\r\n<p>Por meio de um dep\u00f3sito ou de transfer\u00eancia com qualquer valor para:<\/p>\r\n\r\n\r\n\r\n<p><strong>Banco Bradesco (237)<br \/>Ag\u00eancia 2714<br \/>Conta Corrente 16799-1<br \/>Em nome de Associa\u00e7\u00e3o dos Moradores do Bairro Anchieta<br \/>CNPJ 71.257.141\/0001-32<\/strong><br \/><br \/>Apos as opera\u00e7\u00e3o, pede-se enviar o comprovante para o email <a href=\"mailto:amoran@amoran.net\">amoran@amoran.net<\/a> ou para o <a href=\"https:\/\/api.whatsapp.com\/send?phone=5531985918885\">WhatsApp 31 98591 8885<\/a>.<br \/>Por meio de uma das duas op\u00e7\u00f5es a seguir.<\/p>\r\n\r\n<table border=\"0\" width=\"600\" align=\"center\">\r\n<tbody>\r\n<tr>\r\n<td style=\"text-align: center;\" width=\"300\"><strong>Doe botij\u00e3o de g\u00e1s<\/strong><\/td>\r\n<td width=\"290\">\r\n<p style=\"text-align: center;\"><strong>Doe uma quantia em R$<\/strong><\/p>\r\n<\/td>\r\n<\/tr>\r\n<tr>\r\n<td valign=\"top\">Clique no bot\u00e3o abaixo e escolha quantos botij\u00f5es deseja doar (valor unit\u00e1rio da doa\u00e7\u00e3o. R$80). Buscaremos negociar valores menores. Sempre que isso ocorrer, o excedente da sua doa\u00e7\u00e3o ser\u00e1 utilizado na compra de outro botij\u00e3o.<\/td>\r\n<td valign=\"top\"><span class=\"daninha\">Clique no bot\u00e3o abaixo e selecione o valor que deseja doar. Pra isso, selecione em &#8220;Quantidade&#8221; quantas vezes deseja doar a quantia de R$10. Multiplicando a quantidade por 10 voc\u00ea ter\u00e1 o valor total da doa\u00e7\u00e3o escolhida por voc\u00ea.<\/span><\/td>\r\n<\/tr>\r\n<tr>\r\n<td valign=\"top\"><a href=\"https:\/\/pag.ae\/7VYr34acR\"><img decoding=\"async\" class=\"aligncenter\" src=\"http:\/\/www.comunidadeativa.jor.br\/wp-content\/uploads\/2020\/04\/BOTAOBOTIJ%C3%83O-2.jpg\" \/><\/a><\/td>\r\n<td valign=\"top\"><a href=\"https:\/\/pag.ae\/7VYr5wLzt\"><img loading=\"lazy\" decoding=\"async\" class=\"size-full wp-image-547 aligncenter\" src=\"http:\/\/www.comunidadeativa.jor.br\/wp-content\/uploads\/2020\/04\/BOTAOREAL.jpg\" alt=\"\" width=\"290\" height=\"50\" \/><\/a><\/td>\r\n<\/tr>\r\n<\/tbody>\r\n<\/table>\r\n\r\n<p>Para mais informa\u00e7\u00f5es, envie email para <a href=\"mailto:amoran@amoran.net\">amoran@amoran.net<\/a> ou mensagem para o <a href=\"https:\/\/api.whatsapp.com\/send?phone=5531985918885\">WhatsApp 31 98591 8885<\/a>.<\/p>\r\n","protected":false},"excerpt":{"rendered":"<p>Para amenizar a afli\u00e7\u00e3o das fam\u00edlias da Vila Acaba Mundo, que j\u00e1 receberam doa\u00e7\u00f5es de alimentos, mas que come\u00e7am a<\/p>\n","protected":false},"author":1,"featured_media":563,"comment_status":"closed","ping_status":"open","sticky":false,"template":"","format":"standard","meta":{"footnotes":""},"categories":[12],"tags":[],"class_list":["post-536","post","type-post","status-publish","format-standard","has-post-thumbnail","hentry","category-cidadania"],"yoast_head":"<!-- This site is optimized with the Yoast SEO plugin v26.0 - https:\/\/yoast.com\/wordpress\/plugins\/seo\/ -->\n<title>Campanha de Doa\u00e7\u00e3o de Botij\u00f5es de G\u00e1s - Comunidade Ativa<\/title>\n<meta name=\"robots\" content=\"index, follow, max-snippet:-1, max-image-preview:large, max-video-preview:-1\" \/>\n<link rel=\"canonical\" href=\"https:\/\/www.comunidadeativa.jor.br\/index.php\/2020\/04\/27\/campanha-de-doacao-de-botijoes-de-gas\/\" \/>\n<meta property=\"og:locale\" content=\"pt_BR\" \/>\n<meta property=\"og:type\" content=\"article\" \/>\n<meta property=\"og:title\" content=\"Campanha de Doa\u00e7\u00e3o de Botij\u00f5es de G\u00e1s - Comunidade Ativa\" \/>\n<meta property=\"og:description\" content=\"Para amenizar a afli\u00e7\u00e3o das fam\u00edlias da Vila Acaba Mundo, que j\u00e1 receberam doa\u00e7\u00f5es de alimentos, mas que come\u00e7am a\" \/>\n<meta property=\"og:url\" content=\"https:\/\/www.comunidadeativa.jor.br\/index.php\/2020\/04\/27\/campanha-de-doacao-de-botijoes-de-gas\/\" \/>\n<meta property=\"og:site_name\" content=\"Comunidade Ativa\" \/>\n<meta property=\"article:publisher\" content=\"https:\/\/www.facebook.com\/comunidadeativa\" \/>\n<meta property=\"article:published_time\" content=\"2020-04-27T18:09:22+00:00\" \/>\n<meta property=\"article:modified_time\" content=\"2020-06-24T19:28:27+00:00\" \/>\n<meta property=\"og:image\" content=\"https:\/\/www.comunidadeativa.jor.br\/wp-content\/uploads\/2020\/04\/doe.jpg\" \/>\n\t<meta property=\"og:image:width\" content=\"800\" \/>\n\t<meta property=\"og:image:height\" content=\"445\" \/>\n\t<meta property=\"og:image:type\" content=\"image\/jpeg\" \/>\n<meta name=\"author\" content=\"Comunidade Ativa\" \/>\n<meta name=\"twitter:card\" content=\"summary_large_image\" \/>\n<meta name=\"twitter:label1\" content=\"Escrito por\" \/>\n\t<meta name=\"twitter:data1\" content=\"Comunidade Ativa\" \/>\n\t<meta name=\"twitter:label2\" content=\"Est. tempo de leitura\" \/>\n\t<meta name=\"twitter:data2\" content=\"3 minutos\" \/>\n<script type=\"application\/ld+json\" class=\"yoast-schema-graph\">{\"@context\":\"https:\/\/schema.org\",\"@graph\":[{\"@type\":\"Article\",\"@id\":\"https:\/\/www.comunidadeativa.jor.br\/index.php\/2020\/04\/27\/campanha-de-doacao-de-botijoes-de-gas\/#article\",\"isPartOf\":{\"@id\":\"https:\/\/www.comunidadeativa.jor.br\/index.php\/2020\/04\/27\/campanha-de-doacao-de-botijoes-de-gas\/\"},\"author\":{\"name\":\"Comunidade Ativa\",\"@id\":\"https:\/\/www.comunidadeativa.jor.br\/#\/schema\/person\/dcaa1f1c51c1f0c47a33b2b734cad6e1\"},\"headline\":\"Campanha de Doa\u00e7\u00e3o de Botij\u00f5es de G\u00e1s\",\"datePublished\":\"2020-04-27T18:09:22+00:00\",\"dateModified\":\"2020-06-24T19:28:27+00:00\",\"mainEntityOfPage\":{\"@id\":\"https:\/\/www.comunidadeativa.jor.br\/index.php\/2020\/04\/27\/campanha-de-doacao-de-botijoes-de-gas\/\"},\"wordCount\":541,\"publisher\":{\"@id\":\"https:\/\/www.comunidadeativa.jor.br\/#organization\"},\"image\":{\"@id\":\"https:\/\/www.comunidadeativa.jor.br\/index.php\/2020\/04\/27\/campanha-de-doacao-de-botijoes-de-gas\/#primaryimage\"},\"thumbnailUrl\":\"https:\/\/www.comunidadeativa.jor.br\/wp-content\/uploads\/2020\/04\/doe.jpg\",\"articleSection\":[\"Cidadania\"],\"inLanguage\":\"pt-BR\"},{\"@type\":\"WebPage\",\"@id\":\"https:\/\/www.comunidadeativa.jor.br\/index.php\/2020\/04\/27\/campanha-de-doacao-de-botijoes-de-gas\/\",\"url\":\"https:\/\/www.comunidadeativa.jor.br\/index.php\/2020\/04\/27\/campanha-de-doacao-de-botijoes-de-gas\/\",\"name\":\"Campanha de Doa\u00e7\u00e3o de Botij\u00f5es de G\u00e1s - Comunidade Ativa\",\"isPartOf\":{\"@id\":\"https:\/\/www.comunidadeativa.jor.br\/#website\"},\"primaryImageOfPage\":{\"@id\":\"https:\/\/www.comunidadeativa.jor.br\/index.php\/2020\/04\/27\/campanha-de-doacao-de-botijoes-de-gas\/#primaryimage\"},\"image\":{\"@id\":\"https:\/\/www.comunidadeativa.jor.br\/index.php\/2020\/04\/27\/campanha-de-doacao-de-botijoes-de-gas\/#primaryimage\"},\"thumbnailUrl\":\"https:\/\/www.comunidadeativa.jor.br\/wp-content\/uploads\/2020\/04\/doe.jpg\",\"datePublished\":\"2020-04-27T18:09:22+00:00\",\"dateModified\":\"2020-06-24T19:28:27+00:00\",\"breadcrumb\":{\"@id\":\"https:\/\/www.comunidadeativa.jor.br\/index.php\/2020\/04\/27\/campanha-de-doacao-de-botijoes-de-gas\/#breadcrumb\"},\"inLanguage\":\"pt-BR\",\"potentialAction\":[{\"@type\":\"ReadAction\",\"target\":[\"https:\/\/www.comunidadeativa.jor.br\/index.php\/2020\/04\/27\/campanha-de-doacao-de-botijoes-de-gas\/\"]}]},{\"@type\":\"ImageObject\",\"inLanguage\":\"pt-BR\",\"@id\":\"https:\/\/www.comunidadeativa.jor.br\/index.php\/2020\/04\/27\/campanha-de-doacao-de-botijoes-de-gas\/#primaryimage\",\"url\":\"https:\/\/www.comunidadeativa.jor.br\/wp-content\/uploads\/2020\/04\/doe.jpg\",\"contentUrl\":\"https:\/\/www.comunidadeativa.jor.br\/wp-content\/uploads\/2020\/04\/doe.jpg\",\"width\":800,\"height\":445},{\"@type\":\"BreadcrumbList\",\"@id\":\"https:\/\/www.comunidadeativa.jor.br\/index.php\/2020\/04\/27\/campanha-de-doacao-de-botijoes-de-gas\/#breadcrumb\",\"itemListElement\":[{\"@type\":\"ListItem\",\"position\":1,\"name\":\"In\u00edcio\",\"item\":\"https:\/\/www.comunidadeativa.jor.br\/\"},{\"@type\":\"ListItem\",\"position\":2,\"name\":\"Campanha de Doa\u00e7\u00e3o de Botij\u00f5es de G\u00e1s\"}]},{\"@type\":\"WebSite\",\"@id\":\"https:\/\/www.comunidadeativa.jor.br\/#website\",\"url\":\"https:\/\/www.comunidadeativa.jor.br\/\",\"name\":\"Comunidade Ativa\",\"description\":\"\",\"publisher\":{\"@id\":\"https:\/\/www.comunidadeativa.jor.br\/#organization\"},\"potentialAction\":[{\"@type\":\"SearchAction\",\"target\":{\"@type\":\"EntryPoint\",\"urlTemplate\":\"https:\/\/www.comunidadeativa.jor.br\/?s={search_term_string}\"},\"query-input\":{\"@type\":\"PropertyValueSpecification\",\"valueRequired\":true,\"valueName\":\"search_term_string\"}}],\"inLanguage\":\"pt-BR\"},{\"@type\":\"Organization\",\"@id\":\"https:\/\/www.comunidadeativa.jor.br\/#organization\",\"name\":\"Comunidade Ativa\",\"url\":\"https:\/\/www.comunidadeativa.jor.br\/\",\"logo\":{\"@type\":\"ImageObject\",\"inLanguage\":\"pt-BR\",\"@id\":\"https:\/\/www.comunidadeativa.jor.br\/#\/schema\/logo\/image\/\",\"url\":\"https:\/\/www.comunidadeativa.jor.br\/wp-content\/uploads\/2018\/03\/cropped-LOGOPNG-1.png\",\"contentUrl\":\"https:\/\/www.comunidadeativa.jor.br\/wp-content\/uploads\/2018\/03\/cropped-LOGOPNG-1.png\",\"width\":318,\"height\":90,\"caption\":\"Comunidade Ativa\"},\"image\":{\"@id\":\"https:\/\/www.comunidadeativa.jor.br\/#\/schema\/logo\/image\/\"},\"sameAs\":[\"https:\/\/www.facebook.com\/comunidadeativa\"]},{\"@type\":\"Person\",\"@id\":\"https:\/\/www.comunidadeativa.jor.br\/#\/schema\/person\/dcaa1f1c51c1f0c47a33b2b734cad6e1\",\"name\":\"Comunidade Ativa\",\"image\":{\"@type\":\"ImageObject\",\"inLanguage\":\"pt-BR\",\"@id\":\"https:\/\/www.comunidadeativa.jor.br\/#\/schema\/person\/image\/\",\"url\":\"https:\/\/secure.gravatar.com\/avatar\/09a9a1f85fedf41e81b47f7c1d40084f?s=96&d=mm&r=g\",\"contentUrl\":\"https:\/\/secure.gravatar.com\/avatar\/09a9a1f85fedf41e81b47f7c1d40084f?s=96&d=mm&r=g\",\"caption\":\"Comunidade Ativa\"},\"url\":\"https:\/\/www.comunidadeativa.jor.br\/index.php\/author\/casalberto\/\"}]}<\/script>\n<!-- \/ Yoast SEO plugin. -->","yoast_head_json":{"title":"Campanha de Doa\u00e7\u00e3o de Botij\u00f5es de G\u00e1s - Comunidade Ativa","robots":{"index":"index","follow":"follow","max-snippet":"max-snippet:-1","max-image-preview":"max-image-preview:large","max-video-preview":"max-video-preview:-1"},"canonical":"https:\/\/www.comunidadeativa.jor.br\/index.php\/2020\/04\/27\/campanha-de-doacao-de-botijoes-de-gas\/","og_locale":"pt_BR","og_type":"article","og_title":"Campanha de Doa\u00e7\u00e3o de Botij\u00f5es de G\u00e1s - Comunidade Ativa","og_description":"Para amenizar a afli\u00e7\u00e3o das fam\u00edlias da Vila Acaba Mundo, que j\u00e1 receberam doa\u00e7\u00f5es de alimentos, mas que come\u00e7am a","og_url":"https:\/\/www.comunidadeativa.jor.br\/index.php\/2020\/04\/27\/campanha-de-doacao-de-botijoes-de-gas\/","og_site_name":"Comunidade Ativa","article_publisher":"https:\/\/www.facebook.com\/comunidadeativa","article_published_time":"2020-04-27T18:09:22+00:00","article_modified_time":"2020-06-24T19:28:27+00:00","og_image":[{"width":800,"height":445,"url":"https:\/\/www.comunidadeativa.jor.br\/wp-content\/uploads\/2020\/04\/doe.jpg","type":"image\/jpeg"}],"author":"Comunidade Ativa","twitter_card":"summary_large_image","twitter_misc":{"Escrito por":"Comunidade Ativa","Est. tempo de leitura":"3 minutos"},"schema":{"@context":"https:\/\/schema.org","@graph":[{"@type":"Article","@id":"https:\/\/www.comunidadeativa.jor.br\/index.php\/2020\/04\/27\/campanha-de-doacao-de-botijoes-de-gas\/#article","isPartOf":{"@id":"https:\/\/www.comunidadeativa.jor.br\/index.php\/2020\/04\/27\/campanha-de-doacao-de-botijoes-de-gas\/"},"author":{"name":"Comunidade Ativa","@id":"https:\/\/www.comunidadeativa.jor.br\/#\/schema\/person\/dcaa1f1c51c1f0c47a33b2b734cad6e1"},"headline":"Campanha de Doa\u00e7\u00e3o de Botij\u00f5es de G\u00e1s","datePublished":"2020-04-27T18:09:22+00:00","dateModified":"2020-06-24T19:28:27+00:00","mainEntityOfPage":{"@id":"https:\/\/www.comunidadeativa.jor.br\/index.php\/2020\/04\/27\/campanha-de-doacao-de-botijoes-de-gas\/"},"wordCount":541,"publisher":{"@id":"https:\/\/www.comunidadeativa.jor.br\/#organization"},"image":{"@id":"https:\/\/www.comunidadeativa.jor.br\/index.php\/2020\/04\/27\/campanha-de-doacao-de-botijoes-de-gas\/#primaryimage"},"thumbnailUrl":"https:\/\/www.comunidadeativa.jor.br\/wp-content\/uploads\/2020\/04\/doe.jpg","articleSection":["Cidadania"],"inLanguage":"pt-BR"},{"@type":"WebPage","@id":"https:\/\/www.comunidadeativa.jor.br\/index.php\/2020\/04\/27\/campanha-de-doacao-de-botijoes-de-gas\/","url":"https:\/\/www.comunidadeativa.jor.br\/index.php\/2020\/04\/27\/campanha-de-doacao-de-botijoes-de-gas\/","name":"Campanha de Doa\u00e7\u00e3o de Botij\u00f5es de G\u00e1s - Comunidade Ativa","isPartOf":{"@id":"https:\/\/www.comunidadeativa.jor.br\/#website"},"primaryImageOfPage":{"@id":"https:\/\/www.comunidadeativa.jor.br\/index.php\/2020\/04\/27\/campanha-de-doacao-de-botijoes-de-gas\/#primaryimage"},"image":{"@id":"https:\/\/www.comunidadeativa.jor.br\/index.php\/2020\/04\/27\/campanha-de-doacao-de-botijoes-de-gas\/#primaryimage"},"thumbnailUrl":"https:\/\/www.comunidadeativa.jor.br\/wp-content\/uploads\/2020\/04\/doe.jpg","datePublished":"2020-04-27T18:09:22+00:00","dateModified":"2020-06-24T19:28:27+00:00","breadcrumb":{"@id":"https:\/\/www.comunidadeativa.jor.br\/index.php\/2020\/04\/27\/campanha-de-doacao-de-botijoes-de-gas\/#breadcrumb"},"inLanguage":"pt-BR","potentialAction":[{"@type":"ReadAction","target":["https:\/\/www.comunidadeativa.jor.br\/index.php\/2020\/04\/27\/campanha-de-doacao-de-botijoes-de-gas\/"]}]},{"@type":"ImageObject","inLanguage":"pt-BR","@id":"https:\/\/www.comunidadeativa.jor.br\/index.php\/2020\/04\/27\/campanha-de-doacao-de-botijoes-de-gas\/#primaryimage","url":"https:\/\/www.comunidadeativa.jor.br\/wp-content\/uploads\/2020\/04\/doe.jpg","contentUrl":"https:\/\/www.comunidadeativa.jor.br\/wp-content\/uploads\/2020\/04\/doe.jpg","width":800,"height":445},{"@type":"BreadcrumbList","@id":"https:\/\/www.comunidadeativa.jor.br\/index.php\/2020\/04\/27\/campanha-de-doacao-de-botijoes-de-gas\/#breadcrumb","itemListElement":[{"@type":"ListItem","position":1,"name":"In\u00edcio","item":"https:\/\/www.comunidadeativa.jor.br\/"},{"@type":"ListItem","position":2,"name":"Campanha de Doa\u00e7\u00e3o de Botij\u00f5es de G\u00e1s"}]},{"@type":"WebSite","@id":"https:\/\/www.comunidadeativa.jor.br\/#website","url":"https:\/\/www.comunidadeativa.jor.br\/","name":"Comunidade Ativa","description":"","publisher":{"@id":"https:\/\/www.comunidadeativa.jor.br\/#organization"},"potentialAction":[{"@type":"SearchAction","target":{"@type":"EntryPoint","urlTemplate":"https:\/\/www.comunidadeativa.jor.br\/?s={search_term_string}"},"query-input":{"@type":"PropertyValueSpecification","valueRequired":true,"valueName":"search_term_string"}}],"inLanguage":"pt-BR"},{"@type":"Organization","@id":"https:\/\/www.comunidadeativa.jor.br\/#organization","name":"Comunidade Ativa","url":"https:\/\/www.comunidadeativa.jor.br\/","logo":{"@type":"ImageObject","inLanguage":"pt-BR","@id":"https:\/\/www.comunidadeativa.jor.br\/#\/schema\/logo\/image\/","url":"https:\/\/www.comunidadeativa.jor.br\/wp-content\/uploads\/2018\/03\/cropped-LOGOPNG-1.png","contentUrl":"https:\/\/www.comunidadeativa.jor.br\/wp-content\/uploads\/2018\/03\/cropped-LOGOPNG-1.png","width":318,"height":90,"caption":"Comunidade Ativa"},"image":{"@id":"https:\/\/www.comunidadeativa.jor.br\/#\/schema\/logo\/image\/"},"sameAs":["https:\/\/www.facebook.com\/comunidadeativa"]},{"@type":"Person","@id":"https:\/\/www.comunidadeativa.jor.br\/#\/schema\/person\/dcaa1f1c51c1f0c47a33b2b734cad6e1","name":"Comunidade Ativa","image":{"@type":"ImageObject","inLanguage":"pt-BR","@id":"https:\/\/www.comunidadeativa.jor.br\/#\/schema\/person\/image\/","url":"https:\/\/secure.gravatar.com\/avatar\/09a9a1f85fedf41e81b47f7c1d40084f?s=96&d=mm&r=g","contentUrl":"https:\/\/secure.gravatar.com\/avatar\/09a9a1f85fedf41e81b47f7c1d40084f?s=96&d=mm&r=g","caption":"Comunidade Ativa"},"url":"https:\/\/www.comunidadeativa.jor.br\/index.php\/author\/casalberto\/"}]}},"_links":{"self":[{"href":"https:\/\/www.comunidadeativa.jor.br\/index.php\/wp-json\/wp\/v2\/posts\/536","targetHints":{"allow":["GET"]}}],"collection":[{"href":"https:\/\/www.comunidadeativa.jor.br\/index.php\/wp-json\/wp\/v2\/posts"}],"about":[{"href":"https:\/\/www.comunidadeativa.jor.br\/index.php\/wp-json\/wp\/v2\/types\/post"}],"author":[{"embeddable":true,"href":"https:\/\/www.comunidadeativa.jor.br\/index.php\/wp-json\/wp\/v2\/users\/1"}],"replies":[{"embeddable":true,"href":"https:\/\/www.comunidadeativa.jor.br\/index.php\/wp-json\/wp\/v2\/comments?post=536"}],"version-history":[{"count":17,"href":"https:\/\/www.comunidadeativa.jor.br\/index.php\/wp-json\/wp\/v2\/posts\/536\/revisions"}],"predecessor-version":[{"id":911,"href":"https:\/\/www.comunidadeativa.jor.br\/index.php\/wp-json\/wp\/v2\/posts\/536\/revisions\/911"}],"wp:featuredmedia":[{"embeddable":true,"href":"https:\/\/www.comunidadeativa.jor.br\/index.php\/wp-json\/wp\/v2\/media\/563"}],"wp:attachment":[{"href":"https:\/\/www.comunidadeativa.jor.br\/index.php\/wp-json\/wp\/v2\/media?parent=536"}],"wp:term":[{"taxonomy":"category","embeddable":true,"href":"https:\/\/www.comunidadeativa.jor.br\/index.php\/wp-json\/wp\/v2\/categories?post=536"},{"taxonomy":"post_tag","embeddable":true,"href":"https:\/\/www.comunidadeativa.jor.br\/index.php\/wp-json\/wp\/v2\/tags?post=536"}],"curies":[{"name":"wp","href":"https:\/\/api.w.org\/{rel}","templated":true}]}}