{"id":616,"date":"2020-05-08T19:08:15","date_gmt":"2020-05-08T22:08:15","guid":{"rendered":"http:\/\/www.comunidadeativa.jor.br\/?p=616"},"modified":"2020-05-22T18:00:30","modified_gmt":"2020-05-22T21:00:30","slug":"caes-e-gatos-e-a-transmissao-da-covid-19","status":"publish","type":"post","link":"https:\/\/www.comunidadeativa.jor.br\/index.php\/2020\/05\/08\/caes-e-gatos-e-a-transmissao-da-covid-19\/","title":{"rendered":"C\u00e3es e gatos e a transmiss\u00e3o da covid-19"},"content":{"rendered":"\n<p>Ser\u00e1 que c\u00e3es e gatos podem contrair a covid-19? Ser\u00e1 que eles podem transmitir a doen\u00e7a para humanos? Entre as tantas d\u00favidas que giram em torno do novo coronav\u00edrus, estas, em especial, t\u00eam tirado o sono de alguns tutores e tutoras de animais. <\/p>\n\n\n\n<p>Mas, ser\u00e1 que esta apreens\u00e3o \u00e9 justificada?<\/p>\n\n\n\n<h4 class=\"wp-block-heading\">Nenhuma evid\u00eancia<\/h4>\n\n\n\n<p>De acordo com pesquisas desenvolvidas por organiza\u00e7\u00f5es de v\u00e1rios pa\u00edses, as respostas podem ser negativas para todas as quest\u00f5es acima. Por ora, n\u00e3o h\u00e1 nenhuma evid\u00eancia cient\u00edfica que indique que c\u00e3es ou que gatos possam adoecer com o v\u00edrus ou mesmo que possam transmitir a doen\u00e7a para humanos ou para outros animais.<\/p>\n\n\n\n<p>De fato, existiram relatos de alguns poucos c\u00e3es e gatos dom\u00e9sticos que teriam testado positivo para o novo coronav\u00edrus em Hong Kong, na B\u00e9lgica e nos Estados Unidos. Apenas dois gatos nos Estados Unidos apresentaram leves sintomas respirat\u00f3rios. Por\u00e9m, nenhum dos casos identificados, quando foi submetido a uma an\u00e1lise mais criteriosa, sustentou a tese de que c\u00e3es ou gatos possam ser vetores da doen\u00e7a para humanos.<\/p>\n\n\n\n<figure class=\"wp-block-image size-large\"><img loading=\"lazy\" decoding=\"async\" width=\"626\" height=\"417\" src=\"http:\/\/www.comunidadeativa.jor.br\/wp-content\/uploads\/2020\/05\/cheerful-man-medical-mask-with-white-cat-his-shoulder-pandemic-covid-2019-pet_193053-160.jpg\" alt=\"\" class=\"wp-image-621\" srcset=\"https:\/\/www.comunidadeativa.jor.br\/wp-content\/uploads\/2020\/05\/cheerful-man-medical-mask-with-white-cat-his-shoulder-pandemic-covid-2019-pet_193053-160.jpg 626w, https:\/\/www.comunidadeativa.jor.br\/wp-content\/uploads\/2020\/05\/cheerful-man-medical-mask-with-white-cat-his-shoulder-pandemic-covid-2019-pet_193053-160-300x200.jpg 300w\" sizes=\"auto, (max-width: 626px) 100vw, 626px\" \/><figcaption>At\u00e9 o momento, nada indica que gatos ou c\u00e3es transmitam a covid-19<\/figcaption><\/figure>\n\n\n\n<h4 class=\"wp-block-heading\">Transmiss\u00e3o entre humanos<\/h4>\n\n\n\n<p>Segundo o documento <a rel=\"noreferrer noopener\" href=\"https:\/\/www.researchgate.net\/publication\/340794228_Caes_e_gatos_domesticos_em_tempos_da_pandemia_da_covid-19\" target=\"_blank\">C\u00e3es e gatos dom\u00e9sticos em tempos da pandemia da covid-19<\/a> produzido pelo Laborat\u00f3rio de Etologia Canina (Leca) da USP e endossado por mais de 60 pesquisadoras e pesquisadores de diversas \u00e1reas da Ci\u00eancia que abordaram a rela\u00e7\u00e3o&nbsp; entre animais de estima\u00e7\u00e3o e a covid-19, h\u00e1 muito ainda para ser compreendido sobre o potencial que o SARS-CoV-2 (nome t\u00e9cnico do novo coronav\u00edrus) tem para infectar outros animais al\u00e9m do ser humano. Contudo, no estudo os pesquisadores descartam a possibilidade dos c\u00e3es ou dos gatos contra\u00edrem a doen\u00e7a e a transmitirem para humanos.<\/p>\n\n\n\n<p>\u201cAt\u00e9 o momento, podemos afirmar que c\u00e3es e gatos n\u00e3o s\u00e3o fontes de infec\u00e7\u00e3o para outros animais nem para seres humanos. Ou seja, n\u00e3o existe qualquer evid\u00eancia cient\u00edfica de que c\u00e3es e gatos possam contrair a covid-19 ou transmitir o novo coronav\u00edrus humano para pessoas. O que sabemos \u00e9 que o v\u00edrus \u00e9 transmitido de pessoas para pessoas\u201d, diz o documento do Leca<\/p>\n\n\n\n<p>Esta afirma\u00e7\u00e3o \u00e9 corroborada por Nota T\u00e9cnica do Conselho Federal de Medicina Veterin\u00e1ria (CFMV).<\/p>\n\n\n\n<h4 class=\"wp-block-heading\">Cuidado com os bichos<\/h4>\n\n\n\n<p>Entretanto, isso n\u00e3o significa que os cuidados com os animais devam ser negligenciados. Ao contr\u00e1rio, o artigo,<a rel=\"noreferrer noopener\" href=\"https:\/\/www.avma.org\/resources-tools\/animal-health-and-welfare\/covid-19\/sars-cov-2-animals-including-pets\" target=\"_blank\"> SARS-CoV-2 in animals<\/a>, da American Veterinary Medical Association (AVMA), indica que c\u00e3es e gatos devem ser preservados do contato com pessoas que tenham sido contaminadas pelo novo coronav\u00edrus ou que apresentem a suspeita da doen\u00e7a. Nestes casos, os mesmos cuidados que s\u00e3o adotados com pessoas devem ser mantidos perante os animais.<\/p>\n\n\n\n<p>Ou seja, deve-se evitar qualquer contato direto da pessoa infectada com o pet. Por consequ\u00eancia, \u00e9 claro, o trato di\u00e1rio com o animal deve ser garantido por outra pessoa que n\u00e3o esteja infectada.<\/p>\n\n\n\n<h4 class=\"wp-block-heading\">Passeios<\/h4>\n\n\n\n<p>O melhor \u00e9 evitar ao m\u00e1ximo que os c\u00e3es saiam do isolamento. Por\u00e9m, quando os passeios forem necess\u00e1rios, a AVMA tamb\u00e9m indica as mesmas precau\u00e7\u00f5es de afastamento recomendadas para humanos. <\/p>\n\n\n\n<p>Assim, os c\u00e3es devem ficar a pelo menos dois metros de dist\u00e2ncia de outras pessoas e de outros animais e os locais onde haja aglomera\u00e7\u00e3o devem ser evitados. As indica\u00e7\u00f5es de higiene tamb\u00e9m devem ser rigorosamente obedecidas no retorno. Guias e coleiras devem ser higienizadas e as patinhas e outras partes que tenham tido contato com o ch\u00e3o devem ser bem lavadas com \u00e1gua e sab\u00e3o.Nos passeios com cachorros. O uso de len\u00e7os umedecidos na pelagem tamb\u00e9m pode contribuir com a higieniza\u00e7\u00e3o entre os banhos.<\/p>\n\n\n\n<figure class=\"wp-block-image size-large\"><img loading=\"lazy\" decoding=\"async\" width=\"626\" height=\"417\" src=\"http:\/\/www.comunidadeativa.jor.br\/wp-content\/uploads\/2020\/05\/mother-with-daughter-walks-outside-masks_1157-33453.jpg\" alt=\"\" class=\"wp-image-622\" srcset=\"https:\/\/www.comunidadeativa.jor.br\/wp-content\/uploads\/2020\/05\/mother-with-daughter-walks-outside-masks_1157-33453.jpg 626w, https:\/\/www.comunidadeativa.jor.br\/wp-content\/uploads\/2020\/05\/mother-with-daughter-walks-outside-masks_1157-33453-300x200.jpg 300w\" sizes=\"auto, (max-width: 626px) 100vw, 626px\" \/><figcaption>Ap\u00f3s o passeio, o c\u00e3o deve ser bem higienizado<\/figcaption><\/figure>\n\n\n\n<p>Como as ruas oferecem muitos perigos, os gatos nunca devem sair de casa. Para que n\u00e3o tenham contato com outros bichos ou com pessoas de fora, a AVMA refor\u00e7a essa recomenda\u00e7\u00e3o.<\/p>\n\n\n\n<p>Se voc\u00ea quer receber mais informa\u00e7\u00f5es sobre cuidados com pets durante o isolamento, <a href=\"https:\/\/api.whatsapp.com\/send?phone=553199968.9895\">fale com a Tia Lets<\/a>. Ela tem \u00f3timas dicas para lhe passar!<\/p>\n\n\n\n<p><\/p>\n\n\n\n<figure class=\"wp-block-image size-large\"><a href=\"http:\/\/www.petsdalets.com.br\"><img loading=\"lazy\" decoding=\"async\" width=\"800\" height=\"160\" src=\"http:\/\/www.comunidadeativa.jor.br\/wp-content\/uploads\/2020\/04\/pets-da-lets_anuncio-jornal.jpg\" alt=\"\" class=\"wp-image-532\" srcset=\"https:\/\/www.comunidadeativa.jor.br\/wp-content\/uploads\/2020\/04\/pets-da-lets_anuncio-jornal.jpg 800w, https:\/\/www.comunidadeativa.jor.br\/wp-content\/uploads\/2020\/04\/pets-da-lets_anuncio-jornal-300x60.jpg 300w, https:\/\/www.comunidadeativa.jor.br\/wp-content\/uploads\/2020\/04\/pets-da-lets_anuncio-jornal-768x154.jpg 768w\" sizes=\"auto, (max-width: 800px) 100vw, 800px\" \/><\/a><\/figure>\n","protected":false},"excerpt":{"rendered":"<p>Ser\u00e1 que c\u00e3es e gatos podem contrair a covid-19? Ser\u00e1 que eles podem transmitir a doen\u00e7a para humanos? Entre as<\/p>\n","protected":false},"author":1,"featured_media":618,"comment_status":"closed","ping_status":"open","sticky":false,"template":"","format":"standard","meta":{"footnotes":""},"categories":[14],"tags":[],"class_list":["post-616","post","type-post","status-publish","format-standard","has-post-thumbnail","hentry","category-pets"],"yoast_head":"<!-- This site is optimized with the Yoast SEO plugin v26.0 - https:\/\/yoast.com\/wordpress\/plugins\/seo\/ -->\n<title>C\u00e3es e gatos e a transmiss\u00e3o da covid-19 - Comunidade Ativa<\/title>\n<meta name=\"robots\" content=\"index, follow, max-snippet:-1, max-image-preview:large, max-video-preview:-1\" \/>\n<link rel=\"canonical\" href=\"https:\/\/www.comunidadeativa.jor.br\/index.php\/2020\/05\/08\/caes-e-gatos-e-a-transmissao-da-covid-19\/\" \/>\n<meta property=\"og:locale\" content=\"pt_BR\" \/>\n<meta property=\"og:type\" content=\"article\" \/>\n<meta property=\"og:title\" content=\"C\u00e3es e gatos e a transmiss\u00e3o da covid-19 - Comunidade Ativa\" \/>\n<meta property=\"og:description\" content=\"Ser\u00e1 que c\u00e3es e gatos podem contrair a covid-19? Ser\u00e1 que eles podem transmitir a doen\u00e7a para humanos? Entre as\" \/>\n<meta property=\"og:url\" content=\"https:\/\/www.comunidadeativa.jor.br\/index.php\/2020\/05\/08\/caes-e-gatos-e-a-transmissao-da-covid-19\/\" \/>\n<meta property=\"og:site_name\" content=\"Comunidade Ativa\" \/>\n<meta property=\"article:publisher\" content=\"https:\/\/www.facebook.com\/comunidadeativa\" \/>\n<meta property=\"article:published_time\" content=\"2020-05-08T22:08:15+00:00\" \/>\n<meta property=\"article:modified_time\" content=\"2020-05-22T21:00:30+00:00\" \/>\n<meta property=\"og:image\" content=\"https:\/\/www.comunidadeativa.jor.br\/wp-content\/uploads\/2020\/05\/mascara.jpg\" \/>\n\t<meta property=\"og:image:width\" content=\"800\" \/>\n\t<meta property=\"og:image:height\" content=\"445\" \/>\n\t<meta property=\"og:image:type\" content=\"image\/jpeg\" \/>\n<meta name=\"author\" content=\"Comunidade Ativa\" \/>\n<meta name=\"twitter:card\" content=\"summary_large_image\" \/>\n<meta name=\"twitter:label1\" content=\"Escrito por\" \/>\n\t<meta name=\"twitter:data1\" content=\"Comunidade Ativa\" \/>\n\t<meta name=\"twitter:label2\" content=\"Est. tempo de leitura\" \/>\n\t<meta name=\"twitter:data2\" content=\"4 minutos\" \/>\n<script type=\"application\/ld+json\" class=\"yoast-schema-graph\">{\"@context\":\"https:\/\/schema.org\",\"@graph\":[{\"@type\":\"Article\",\"@id\":\"https:\/\/www.comunidadeativa.jor.br\/index.php\/2020\/05\/08\/caes-e-gatos-e-a-transmissao-da-covid-19\/#article\",\"isPartOf\":{\"@id\":\"https:\/\/www.comunidadeativa.jor.br\/index.php\/2020\/05\/08\/caes-e-gatos-e-a-transmissao-da-covid-19\/\"},\"author\":{\"name\":\"Comunidade Ativa\",\"@id\":\"https:\/\/www.comunidadeativa.jor.br\/#\/schema\/person\/dcaa1f1c51c1f0c47a33b2b734cad6e1\"},\"headline\":\"C\u00e3es e gatos e a transmiss\u00e3o da covid-19\",\"datePublished\":\"2020-05-08T22:08:15+00:00\",\"dateModified\":\"2020-05-22T21:00:30+00:00\",\"mainEntityOfPage\":{\"@id\":\"https:\/\/www.comunidadeativa.jor.br\/index.php\/2020\/05\/08\/caes-e-gatos-e-a-transmissao-da-covid-19\/\"},\"wordCount\":731,\"publisher\":{\"@id\":\"https:\/\/www.comunidadeativa.jor.br\/#organization\"},\"image\":{\"@id\":\"https:\/\/www.comunidadeativa.jor.br\/index.php\/2020\/05\/08\/caes-e-gatos-e-a-transmissao-da-covid-19\/#primaryimage\"},\"thumbnailUrl\":\"https:\/\/www.comunidadeativa.jor.br\/wp-content\/uploads\/2020\/05\/mascara.jpg\",\"articleSection\":[\"Pets\"],\"inLanguage\":\"pt-BR\"},{\"@type\":\"WebPage\",\"@id\":\"https:\/\/www.comunidadeativa.jor.br\/index.php\/2020\/05\/08\/caes-e-gatos-e-a-transmissao-da-covid-19\/\",\"url\":\"https:\/\/www.comunidadeativa.jor.br\/index.php\/2020\/05\/08\/caes-e-gatos-e-a-transmissao-da-covid-19\/\",\"name\":\"C\u00e3es e gatos e a transmiss\u00e3o da covid-19 - Comunidade Ativa\",\"isPartOf\":{\"@id\":\"https:\/\/www.comunidadeativa.jor.br\/#website\"},\"primaryImageOfPage\":{\"@id\":\"https:\/\/www.comunidadeativa.jor.br\/index.php\/2020\/05\/08\/caes-e-gatos-e-a-transmissao-da-covid-19\/#primaryimage\"},\"image\":{\"@id\":\"https:\/\/www.comunidadeativa.jor.br\/index.php\/2020\/05\/08\/caes-e-gatos-e-a-transmissao-da-covid-19\/#primaryimage\"},\"thumbnailUrl\":\"https:\/\/www.comunidadeativa.jor.br\/wp-content\/uploads\/2020\/05\/mascara.jpg\",\"datePublished\":\"2020-05-08T22:08:15+00:00\",\"dateModified\":\"2020-05-22T21:00:30+00:00\",\"breadcrumb\":{\"@id\":\"https:\/\/www.comunidadeativa.jor.br\/index.php\/2020\/05\/08\/caes-e-gatos-e-a-transmissao-da-covid-19\/#breadcrumb\"},\"inLanguage\":\"pt-BR\",\"potentialAction\":[{\"@type\":\"ReadAction\",\"target\":[\"https:\/\/www.comunidadeativa.jor.br\/index.php\/2020\/05\/08\/caes-e-gatos-e-a-transmissao-da-covid-19\/\"]}]},{\"@type\":\"ImageObject\",\"inLanguage\":\"pt-BR\",\"@id\":\"https:\/\/www.comunidadeativa.jor.br\/index.php\/2020\/05\/08\/caes-e-gatos-e-a-transmissao-da-covid-19\/#primaryimage\",\"url\":\"https:\/\/www.comunidadeativa.jor.br\/wp-content\/uploads\/2020\/05\/mascara.jpg\",\"contentUrl\":\"https:\/\/www.comunidadeativa.jor.br\/wp-content\/uploads\/2020\/05\/mascara.jpg\",\"width\":800,\"height\":445},{\"@type\":\"BreadcrumbList\",\"@id\":\"https:\/\/www.comunidadeativa.jor.br\/index.php\/2020\/05\/08\/caes-e-gatos-e-a-transmissao-da-covid-19\/#breadcrumb\",\"itemListElement\":[{\"@type\":\"ListItem\",\"position\":1,\"name\":\"In\u00edcio\",\"item\":\"https:\/\/www.comunidadeativa.jor.br\/\"},{\"@type\":\"ListItem\",\"position\":2,\"name\":\"C\u00e3es e gatos e a transmiss\u00e3o da covid-19\"}]},{\"@type\":\"WebSite\",\"@id\":\"https:\/\/www.comunidadeativa.jor.br\/#website\",\"url\":\"https:\/\/www.comunidadeativa.jor.br\/\",\"name\":\"Comunidade Ativa\",\"description\":\"\",\"publisher\":{\"@id\":\"https:\/\/www.comunidadeativa.jor.br\/#organization\"},\"potentialAction\":[{\"@type\":\"SearchAction\",\"target\":{\"@type\":\"EntryPoint\",\"urlTemplate\":\"https:\/\/www.comunidadeativa.jor.br\/?s={search_term_string}\"},\"query-input\":{\"@type\":\"PropertyValueSpecification\",\"valueRequired\":true,\"valueName\":\"search_term_string\"}}],\"inLanguage\":\"pt-BR\"},{\"@type\":\"Organization\",\"@id\":\"https:\/\/www.comunidadeativa.jor.br\/#organization\",\"name\":\"Comunidade Ativa\",\"url\":\"https:\/\/www.comunidadeativa.jor.br\/\",\"logo\":{\"@type\":\"ImageObject\",\"inLanguage\":\"pt-BR\",\"@id\":\"https:\/\/www.comunidadeativa.jor.br\/#\/schema\/logo\/image\/\",\"url\":\"https:\/\/www.comunidadeativa.jor.br\/wp-content\/uploads\/2018\/03\/cropped-LOGOPNG-1.png\",\"contentUrl\":\"https:\/\/www.comunidadeativa.jor.br\/wp-content\/uploads\/2018\/03\/cropped-LOGOPNG-1.png\",\"width\":318,\"height\":90,\"caption\":\"Comunidade Ativa\"},\"image\":{\"@id\":\"https:\/\/www.comunidadeativa.jor.br\/#\/schema\/logo\/image\/\"},\"sameAs\":[\"https:\/\/www.facebook.com\/comunidadeativa\"]},{\"@type\":\"Person\",\"@id\":\"https:\/\/www.comunidadeativa.jor.br\/#\/schema\/person\/dcaa1f1c51c1f0c47a33b2b734cad6e1\",\"name\":\"Comunidade Ativa\",\"image\":{\"@type\":\"ImageObject\",\"inLanguage\":\"pt-BR\",\"@id\":\"https:\/\/www.comunidadeativa.jor.br\/#\/schema\/person\/image\/\",\"url\":\"https:\/\/secure.gravatar.com\/avatar\/09a9a1f85fedf41e81b47f7c1d40084f?s=96&d=mm&r=g\",\"contentUrl\":\"https:\/\/secure.gravatar.com\/avatar\/09a9a1f85fedf41e81b47f7c1d40084f?s=96&d=mm&r=g\",\"caption\":\"Comunidade Ativa\"},\"url\":\"https:\/\/www.comunidadeativa.jor.br\/index.php\/author\/casalberto\/\"}]}<\/script>\n<!-- \/ Yoast SEO plugin. -->","yoast_head_json":{"title":"C\u00e3es e gatos e a transmiss\u00e3o da covid-19 - Comunidade Ativa","robots":{"index":"index","follow":"follow","max-snippet":"max-snippet:-1","max-image-preview":"max-image-preview:large","max-video-preview":"max-video-preview:-1"},"canonical":"https:\/\/www.comunidadeativa.jor.br\/index.php\/2020\/05\/08\/caes-e-gatos-e-a-transmissao-da-covid-19\/","og_locale":"pt_BR","og_type":"article","og_title":"C\u00e3es e gatos e a transmiss\u00e3o da covid-19 - Comunidade Ativa","og_description":"Ser\u00e1 que c\u00e3es e gatos podem contrair a covid-19? Ser\u00e1 que eles podem transmitir a doen\u00e7a para humanos? Entre as","og_url":"https:\/\/www.comunidadeativa.jor.br\/index.php\/2020\/05\/08\/caes-e-gatos-e-a-transmissao-da-covid-19\/","og_site_name":"Comunidade Ativa","article_publisher":"https:\/\/www.facebook.com\/comunidadeativa","article_published_time":"2020-05-08T22:08:15+00:00","article_modified_time":"2020-05-22T21:00:30+00:00","og_image":[{"width":800,"height":445,"url":"https:\/\/www.comunidadeativa.jor.br\/wp-content\/uploads\/2020\/05\/mascara.jpg","type":"image\/jpeg"}],"author":"Comunidade Ativa","twitter_card":"summary_large_image","twitter_misc":{"Escrito por":"Comunidade Ativa","Est. tempo de leitura":"4 minutos"},"schema":{"@context":"https:\/\/schema.org","@graph":[{"@type":"Article","@id":"https:\/\/www.comunidadeativa.jor.br\/index.php\/2020\/05\/08\/caes-e-gatos-e-a-transmissao-da-covid-19\/#article","isPartOf":{"@id":"https:\/\/www.comunidadeativa.jor.br\/index.php\/2020\/05\/08\/caes-e-gatos-e-a-transmissao-da-covid-19\/"},"author":{"name":"Comunidade Ativa","@id":"https:\/\/www.comunidadeativa.jor.br\/#\/schema\/person\/dcaa1f1c51c1f0c47a33b2b734cad6e1"},"headline":"C\u00e3es e gatos e a transmiss\u00e3o da covid-19","datePublished":"2020-05-08T22:08:15+00:00","dateModified":"2020-05-22T21:00:30+00:00","mainEntityOfPage":{"@id":"https:\/\/www.comunidadeativa.jor.br\/index.php\/2020\/05\/08\/caes-e-gatos-e-a-transmissao-da-covid-19\/"},"wordCount":731,"publisher":{"@id":"https:\/\/www.comunidadeativa.jor.br\/#organization"},"image":{"@id":"https:\/\/www.comunidadeativa.jor.br\/index.php\/2020\/05\/08\/caes-e-gatos-e-a-transmissao-da-covid-19\/#primaryimage"},"thumbnailUrl":"https:\/\/www.comunidadeativa.jor.br\/wp-content\/uploads\/2020\/05\/mascara.jpg","articleSection":["Pets"],"inLanguage":"pt-BR"},{"@type":"WebPage","@id":"https:\/\/www.comunidadeativa.jor.br\/index.php\/2020\/05\/08\/caes-e-gatos-e-a-transmissao-da-covid-19\/","url":"https:\/\/www.comunidadeativa.jor.br\/index.php\/2020\/05\/08\/caes-e-gatos-e-a-transmissao-da-covid-19\/","name":"C\u00e3es e gatos e a transmiss\u00e3o da covid-19 - Comunidade Ativa","isPartOf":{"@id":"https:\/\/www.comunidadeativa.jor.br\/#website"},"primaryImageOfPage":{"@id":"https:\/\/www.comunidadeativa.jor.br\/index.php\/2020\/05\/08\/caes-e-gatos-e-a-transmissao-da-covid-19\/#primaryimage"},"image":{"@id":"https:\/\/www.comunidadeativa.jor.br\/index.php\/2020\/05\/08\/caes-e-gatos-e-a-transmissao-da-covid-19\/#primaryimage"},"thumbnailUrl":"https:\/\/www.comunidadeativa.jor.br\/wp-content\/uploads\/2020\/05\/mascara.jpg","datePublished":"2020-05-08T22:08:15+00:00","dateModified":"2020-05-22T21:00:30+00:00","breadcrumb":{"@id":"https:\/\/www.comunidadeativa.jor.br\/index.php\/2020\/05\/08\/caes-e-gatos-e-a-transmissao-da-covid-19\/#breadcrumb"},"inLanguage":"pt-BR","potentialAction":[{"@type":"ReadAction","target":["https:\/\/www.comunidadeativa.jor.br\/index.php\/2020\/05\/08\/caes-e-gatos-e-a-transmissao-da-covid-19\/"]}]},{"@type":"ImageObject","inLanguage":"pt-BR","@id":"https:\/\/www.comunidadeativa.jor.br\/index.php\/2020\/05\/08\/caes-e-gatos-e-a-transmissao-da-covid-19\/#primaryimage","url":"https:\/\/www.comunidadeativa.jor.br\/wp-content\/uploads\/2020\/05\/mascara.jpg","contentUrl":"https:\/\/www.comunidadeativa.jor.br\/wp-content\/uploads\/2020\/05\/mascara.jpg","width":800,"height":445},{"@type":"BreadcrumbList","@id":"https:\/\/www.comunidadeativa.jor.br\/index.php\/2020\/05\/08\/caes-e-gatos-e-a-transmissao-da-covid-19\/#breadcrumb","itemListElement":[{"@type":"ListItem","position":1,"name":"In\u00edcio","item":"https:\/\/www.comunidadeativa.jor.br\/"},{"@type":"ListItem","position":2,"name":"C\u00e3es e gatos e a transmiss\u00e3o da covid-19"}]},{"@type":"WebSite","@id":"https:\/\/www.comunidadeativa.jor.br\/#website","url":"https:\/\/www.comunidadeativa.jor.br\/","name":"Comunidade Ativa","description":"","publisher":{"@id":"https:\/\/www.comunidadeativa.jor.br\/#organization"},"potentialAction":[{"@type":"SearchAction","target":{"@type":"EntryPoint","urlTemplate":"https:\/\/www.comunidadeativa.jor.br\/?s={search_term_string}"},"query-input":{"@type":"PropertyValueSpecification","valueRequired":true,"valueName":"search_term_string"}}],"inLanguage":"pt-BR"},{"@type":"Organization","@id":"https:\/\/www.comunidadeativa.jor.br\/#organization","name":"Comunidade Ativa","url":"https:\/\/www.comunidadeativa.jor.br\/","logo":{"@type":"ImageObject","inLanguage":"pt-BR","@id":"https:\/\/www.comunidadeativa.jor.br\/#\/schema\/logo\/image\/","url":"https:\/\/www.comunidadeativa.jor.br\/wp-content\/uploads\/2018\/03\/cropped-LOGOPNG-1.png","contentUrl":"https:\/\/www.comunidadeativa.jor.br\/wp-content\/uploads\/2018\/03\/cropped-LOGOPNG-1.png","width":318,"height":90,"caption":"Comunidade Ativa"},"image":{"@id":"https:\/\/www.comunidadeativa.jor.br\/#\/schema\/logo\/image\/"},"sameAs":["https:\/\/www.facebook.com\/comunidadeativa"]},{"@type":"Person","@id":"https:\/\/www.comunidadeativa.jor.br\/#\/schema\/person\/dcaa1f1c51c1f0c47a33b2b734cad6e1","name":"Comunidade Ativa","image":{"@type":"ImageObject","inLanguage":"pt-BR","@id":"https:\/\/www.comunidadeativa.jor.br\/#\/schema\/person\/image\/","url":"https:\/\/secure.gravatar.com\/avatar\/09a9a1f85fedf41e81b47f7c1d40084f?s=96&d=mm&r=g","contentUrl":"https:\/\/secure.gravatar.com\/avatar\/09a9a1f85fedf41e81b47f7c1d40084f?s=96&d=mm&r=g","caption":"Comunidade Ativa"},"url":"https:\/\/www.comunidadeativa.jor.br\/index.php\/author\/casalberto\/"}]}},"_links":{"self":[{"href":"https:\/\/www.comunidadeativa.jor.br\/index.php\/wp-json\/wp\/v2\/posts\/616","targetHints":{"allow":["GET"]}}],"collection":[{"href":"https:\/\/www.comunidadeativa.jor.br\/index.php\/wp-json\/wp\/v2\/posts"}],"about":[{"href":"https:\/\/www.comunidadeativa.jor.br\/index.php\/wp-json\/wp\/v2\/types\/post"}],"author":[{"embeddable":true,"href":"https:\/\/www.comunidadeativa.jor.br\/index.php\/wp-json\/wp\/v2\/users\/1"}],"replies":[{"embeddable":true,"href":"https:\/\/www.comunidadeativa.jor.br\/index.php\/wp-json\/wp\/v2\/comments?post=616"}],"version-history":[{"count":4,"href":"https:\/\/www.comunidadeativa.jor.br\/index.php\/wp-json\/wp\/v2\/posts\/616\/revisions"}],"predecessor-version":[{"id":627,"href":"https:\/\/www.comunidadeativa.jor.br\/index.php\/wp-json\/wp\/v2\/posts\/616\/revisions\/627"}],"wp:featuredmedia":[{"embeddable":true,"href":"https:\/\/www.comunidadeativa.jor.br\/index.php\/wp-json\/wp\/v2\/media\/618"}],"wp:attachment":[{"href":"https:\/\/www.comunidadeativa.jor.br\/index.php\/wp-json\/wp\/v2\/media?parent=616"}],"wp:term":[{"taxonomy":"category","embeddable":true,"href":"https:\/\/www.comunidadeativa.jor.br\/index.php\/wp-json\/wp\/v2\/categories?post=616"},{"taxonomy":"post_tag","embeddable":true,"href":"https:\/\/www.comunidadeativa.jor.br\/index.php\/wp-json\/wp\/v2\/tags?post=616"}],"curies":[{"name":"wp","href":"https:\/\/api.w.org\/{rel}","templated":true}]}}