{"id":758,"date":"2022-10-08T10:33:27","date_gmt":"2022-10-08T13:33:27","guid":{"rendered":"http:\/\/www.comunidadeativa.jor.br\/?p=758"},"modified":"2022-11-08T13:46:13","modified_gmt":"2022-11-08T16:46:13","slug":"cuidados-com-os-primeiros-dentinhos","status":"publish","type":"post","link":"https:\/\/www.comunidadeativa.jor.br\/index.php\/2022\/10\/08\/cuidados-com-os-primeiros-dentinhos\/","title":{"rendered":"Cuidados bucais devem come\u00e7ar antes dos primeiros dentinhos do beb\u00ea surgirem"},"content":{"rendered":"<p>Quando a denti\u00e7\u00e3o do beb\u00ea come\u00e7a a apontar, junto ao espet\u00e1culo de fofura, surge um impasse. Por um lado, h\u00e1 a necessidade de se iniciar a higieniza\u00e7\u00e3o da boca logo nos primeiros meses. Por outro, a crian\u00e7a atravessa um per\u00edodo de muitos inc\u00f4modos. Ent\u00e3o, qual \u00e9 a melhor forma de agir?<\/p>\n<h5>Sensibilidade<\/h5>\n<p>Em geral, tudo come\u00e7a entre o sexto e o nono m\u00eas de vida do beb\u00ea, com um discreto incha\u00e7o no centro da superf\u00edcie da gengiva inferior, onde os dois primeiros dentinhos costumam nascer. No princ\u00edpio, o local fica sens\u00edvel e apresenta uma coceirinha. Por\u00e9m, a sensa\u00e7\u00e3o se intensifica e passa a afligir a crian\u00e7a.<\/p>\n<p>A esse inc\u00f4modo ser\u00e3o reunidas a possibilidade de febre e a baba abundante, que, se n\u00e3o for cuidada, poder\u00e1 causar irrita\u00e7\u00e3o na pele ao redor da boca. Com isso, \u00e9 normal que o beb\u00ea fique irritado e tenha dificuldades para se alimentar e para dormir.<\/p>\n<p>Como se n\u00e3o bastassem todos esses supl\u00edcios, h\u00e1 m\u00e3es que resolvem iniciar a higieniza\u00e7\u00e3o da boquinha justamente nessa \u00e9poca, piorando a situa\u00e7\u00e3o.<\/p>\n<h5>Antecipar \u00e9 melhor<\/h5>\n<p>A fim de evitar o inc\u00f4modo adicional na fase que j\u00e1 \u00e9 delicada, o ideal \u00e9 iniciar a higiene bucal antes de os dentes surgirem. Mesmo sem efeito pr\u00e1tico consider\u00e1vel, a limpeza das gengivas iniciada bem cedo cria um h\u00e1bito saud\u00e1vel, que prepara a crian\u00e7a para o procedimento em um momento em que ela ainda n\u00e3o est\u00e1 cheia de inc\u00f4modos na boca.<\/p>\n<p>Com isso, quando os dentinhos come\u00e7arem a nascer, o beb\u00ea passar\u00e1 a encarar a rotina de higiene com maior naturalidade, sem associ\u00e1-la tanto \u00e0 afli\u00e7\u00e3o que est\u00e1 sofrendo.<\/p>\n<p>Delicadeza<\/p>\n<p>Nas primeiras higieniza\u00e7\u00f5es, antes de os dentes apontarem, basta usar um pano macio \u2014 uma fralda ou gaze \u2014 umedecido em \u00e1gua filtrada, sem pasta de dente. A ideia \u00e9 simplesmente de massagear levemente a gengiva do beb\u00ea, cumprindo a fun\u00e7\u00e3o de acostum\u00e1-lo com o contato di\u00e1rio, que deve ser agrad\u00e1vel.<\/p>\n<p>Em seguida, quando os dentes nascerem, o pano deve ser substitu\u00eddo por uma escova macia com um pingo de pasta de dente com fl\u00faor, em quantidade equivalente ao tamanho de meio gr\u00e3o de arroz cru.<\/p>\n<p>Com muita delicadeza, a fim de retirar todos os res\u00edduos, a escova\u00e7\u00e3o dever\u00e1 ser feita nas paredes internas e externas dos dentes e tamb\u00e9m na linguinha do beb\u00ea. Como a quantidade de pasta ser\u00e1 muito pequena, n\u00e3o haver\u00e1 a necessidade de enxague.<\/p>\n<p>Assim que a crian\u00e7a aprender a cuspir, conv\u00e9m acostum\u00e1-la a enxaguar a boca, preparando-a para tomar este cuidado sozinha, no futuro.<\/p>\n<p>Jamais permita que o beb\u00ea adorme\u00e7a tendo \u00e0 boca a mamadeira com leite ou com suco de frutas. Em vez disso, antes de ele se deitar, fa\u00e7a a higieniza\u00e7\u00e3o e ofere\u00e7a a mamadeira com \u00e1gua ou uma chupeta recomendada pelo dentista.<\/p>\n<p>Com o seu carinho na hora da higiene bucal e o cuidado de um profissional, a fofura ser\u00e1 garantida, com menos afli\u00e7\u00e3o.<\/p>\n","protected":false},"excerpt":{"rendered":"<p>Quando a denti\u00e7\u00e3o do beb\u00ea come\u00e7a a apontar, junto ao espet\u00e1culo de fofura, surge um impasse. Por um lado, h\u00e1<\/p>\n","protected":false},"author":1,"featured_media":760,"comment_status":"closed","ping_status":"open","sticky":false,"template":"","format":"standard","meta":{"footnotes":""},"categories":[9],"tags":[],"class_list":["post-758","post","type-post","status-publish","format-standard","has-post-thumbnail","hentry","category-saude-qualidade-de-vida"],"yoast_head":"<!-- This site is optimized with the Yoast SEO plugin v26.0 - https:\/\/yoast.com\/wordpress\/plugins\/seo\/ -->\n<title>Cuidados bucais devem come\u00e7ar antes dos primeiros dentinhos do beb\u00ea surgirem - Comunidade Ativa<\/title>\n<meta name=\"robots\" content=\"index, follow, max-snippet:-1, max-image-preview:large, max-video-preview:-1\" \/>\n<link rel=\"canonical\" href=\"https:\/\/www.comunidadeativa.jor.br\/index.php\/2022\/10\/08\/cuidados-com-os-primeiros-dentinhos\/\" \/>\n<meta property=\"og:locale\" content=\"pt_BR\" \/>\n<meta property=\"og:type\" content=\"article\" \/>\n<meta property=\"og:title\" content=\"Cuidados bucais devem come\u00e7ar antes dos primeiros dentinhos do beb\u00ea surgirem - Comunidade Ativa\" \/>\n<meta property=\"og:description\" content=\"Quando a denti\u00e7\u00e3o do beb\u00ea come\u00e7a a apontar, junto ao espet\u00e1culo de fofura, surge um impasse. Por um lado, h\u00e1\" \/>\n<meta property=\"og:url\" content=\"https:\/\/www.comunidadeativa.jor.br\/index.php\/2022\/10\/08\/cuidados-com-os-primeiros-dentinhos\/\" \/>\n<meta property=\"og:site_name\" content=\"Comunidade Ativa\" \/>\n<meta property=\"article:publisher\" content=\"https:\/\/www.facebook.com\/comunidadeativa\" \/>\n<meta property=\"article:published_time\" content=\"2022-10-08T13:33:27+00:00\" \/>\n<meta property=\"article:modified_time\" content=\"2022-11-08T16:46:13+00:00\" \/>\n<meta property=\"og:image\" content=\"https:\/\/www.comunidadeativa.jor.br\/wp-content\/uploads\/2020\/05\/baby-first-teeth-not-telling.jpg\" \/>\n\t<meta property=\"og:image:width\" content=\"600\" \/>\n\t<meta property=\"og:image:height\" content=\"334\" \/>\n\t<meta property=\"og:image:type\" content=\"image\/jpeg\" \/>\n<meta name=\"author\" content=\"Comunidade Ativa\" \/>\n<meta name=\"twitter:card\" content=\"summary_large_image\" \/>\n<meta name=\"twitter:label1\" content=\"Escrito por\" \/>\n\t<meta name=\"twitter:data1\" content=\"Comunidade Ativa\" \/>\n\t<meta name=\"twitter:label2\" content=\"Est. tempo de leitura\" \/>\n\t<meta name=\"twitter:data2\" content=\"3 minutos\" \/>\n<script type=\"application\/ld+json\" class=\"yoast-schema-graph\">{\"@context\":\"https:\/\/schema.org\",\"@graph\":[{\"@type\":\"Article\",\"@id\":\"https:\/\/www.comunidadeativa.jor.br\/index.php\/2022\/10\/08\/cuidados-com-os-primeiros-dentinhos\/#article\",\"isPartOf\":{\"@id\":\"https:\/\/www.comunidadeativa.jor.br\/index.php\/2022\/10\/08\/cuidados-com-os-primeiros-dentinhos\/\"},\"author\":{\"name\":\"Comunidade Ativa\",\"@id\":\"https:\/\/www.comunidadeativa.jor.br\/#\/schema\/person\/dcaa1f1c51c1f0c47a33b2b734cad6e1\"},\"headline\":\"Cuidados bucais devem come\u00e7ar antes dos primeiros dentinhos do beb\u00ea surgirem\",\"datePublished\":\"2022-10-08T13:33:27+00:00\",\"dateModified\":\"2022-11-08T16:46:13+00:00\",\"mainEntityOfPage\":{\"@id\":\"https:\/\/www.comunidadeativa.jor.br\/index.php\/2022\/10\/08\/cuidados-com-os-primeiros-dentinhos\/\"},\"wordCount\":538,\"publisher\":{\"@id\":\"https:\/\/www.comunidadeativa.jor.br\/#organization\"},\"image\":{\"@id\":\"https:\/\/www.comunidadeativa.jor.br\/index.php\/2022\/10\/08\/cuidados-com-os-primeiros-dentinhos\/#primaryimage\"},\"thumbnailUrl\":\"https:\/\/www.comunidadeativa.jor.br\/wp-content\/uploads\/2020\/05\/baby-first-teeth-not-telling.jpg\",\"articleSection\":[\"Sa\u00fade &amp; Qualidade de Vida\"],\"inLanguage\":\"pt-BR\"},{\"@type\":\"WebPage\",\"@id\":\"https:\/\/www.comunidadeativa.jor.br\/index.php\/2022\/10\/08\/cuidados-com-os-primeiros-dentinhos\/\",\"url\":\"https:\/\/www.comunidadeativa.jor.br\/index.php\/2022\/10\/08\/cuidados-com-os-primeiros-dentinhos\/\",\"name\":\"Cuidados bucais devem come\u00e7ar antes dos primeiros dentinhos do beb\u00ea surgirem - Comunidade Ativa\",\"isPartOf\":{\"@id\":\"https:\/\/www.comunidadeativa.jor.br\/#website\"},\"primaryImageOfPage\":{\"@id\":\"https:\/\/www.comunidadeativa.jor.br\/index.php\/2022\/10\/08\/cuidados-com-os-primeiros-dentinhos\/#primaryimage\"},\"image\":{\"@id\":\"https:\/\/www.comunidadeativa.jor.br\/index.php\/2022\/10\/08\/cuidados-com-os-primeiros-dentinhos\/#primaryimage\"},\"thumbnailUrl\":\"https:\/\/www.comunidadeativa.jor.br\/wp-content\/uploads\/2020\/05\/baby-first-teeth-not-telling.jpg\",\"datePublished\":\"2022-10-08T13:33:27+00:00\",\"dateModified\":\"2022-11-08T16:46:13+00:00\",\"breadcrumb\":{\"@id\":\"https:\/\/www.comunidadeativa.jor.br\/index.php\/2022\/10\/08\/cuidados-com-os-primeiros-dentinhos\/#breadcrumb\"},\"inLanguage\":\"pt-BR\",\"potentialAction\":[{\"@type\":\"ReadAction\",\"target\":[\"https:\/\/www.comunidadeativa.jor.br\/index.php\/2022\/10\/08\/cuidados-com-os-primeiros-dentinhos\/\"]}]},{\"@type\":\"ImageObject\",\"inLanguage\":\"pt-BR\",\"@id\":\"https:\/\/www.comunidadeativa.jor.br\/index.php\/2022\/10\/08\/cuidados-com-os-primeiros-dentinhos\/#primaryimage\",\"url\":\"https:\/\/www.comunidadeativa.jor.br\/wp-content\/uploads\/2020\/05\/baby-first-teeth-not-telling.jpg\",\"contentUrl\":\"https:\/\/www.comunidadeativa.jor.br\/wp-content\/uploads\/2020\/05\/baby-first-teeth-not-telling.jpg\",\"width\":600,\"height\":334},{\"@type\":\"BreadcrumbList\",\"@id\":\"https:\/\/www.comunidadeativa.jor.br\/index.php\/2022\/10\/08\/cuidados-com-os-primeiros-dentinhos\/#breadcrumb\",\"itemListElement\":[{\"@type\":\"ListItem\",\"position\":1,\"name\":\"In\u00edcio\",\"item\":\"https:\/\/www.comunidadeativa.jor.br\/\"},{\"@type\":\"ListItem\",\"position\":2,\"name\":\"Cuidados bucais devem come\u00e7ar antes dos primeiros dentinhos do beb\u00ea surgirem\"}]},{\"@type\":\"WebSite\",\"@id\":\"https:\/\/www.comunidadeativa.jor.br\/#website\",\"url\":\"https:\/\/www.comunidadeativa.jor.br\/\",\"name\":\"Comunidade Ativa\",\"description\":\"\",\"publisher\":{\"@id\":\"https:\/\/www.comunidadeativa.jor.br\/#organization\"},\"potentialAction\":[{\"@type\":\"SearchAction\",\"target\":{\"@type\":\"EntryPoint\",\"urlTemplate\":\"https:\/\/www.comunidadeativa.jor.br\/?s={search_term_string}\"},\"query-input\":{\"@type\":\"PropertyValueSpecification\",\"valueRequired\":true,\"valueName\":\"search_term_string\"}}],\"inLanguage\":\"pt-BR\"},{\"@type\":\"Organization\",\"@id\":\"https:\/\/www.comunidadeativa.jor.br\/#organization\",\"name\":\"Comunidade Ativa\",\"url\":\"https:\/\/www.comunidadeativa.jor.br\/\",\"logo\":{\"@type\":\"ImageObject\",\"inLanguage\":\"pt-BR\",\"@id\":\"https:\/\/www.comunidadeativa.jor.br\/#\/schema\/logo\/image\/\",\"url\":\"https:\/\/www.comunidadeativa.jor.br\/wp-content\/uploads\/2018\/03\/cropped-LOGOPNG-1.png\",\"contentUrl\":\"https:\/\/www.comunidadeativa.jor.br\/wp-content\/uploads\/2018\/03\/cropped-LOGOPNG-1.png\",\"width\":318,\"height\":90,\"caption\":\"Comunidade Ativa\"},\"image\":{\"@id\":\"https:\/\/www.comunidadeativa.jor.br\/#\/schema\/logo\/image\/\"},\"sameAs\":[\"https:\/\/www.facebook.com\/comunidadeativa\"]},{\"@type\":\"Person\",\"@id\":\"https:\/\/www.comunidadeativa.jor.br\/#\/schema\/person\/dcaa1f1c51c1f0c47a33b2b734cad6e1\",\"name\":\"Comunidade Ativa\",\"image\":{\"@type\":\"ImageObject\",\"inLanguage\":\"pt-BR\",\"@id\":\"https:\/\/www.comunidadeativa.jor.br\/#\/schema\/person\/image\/\",\"url\":\"https:\/\/secure.gravatar.com\/avatar\/09a9a1f85fedf41e81b47f7c1d40084f?s=96&d=mm&r=g\",\"contentUrl\":\"https:\/\/secure.gravatar.com\/avatar\/09a9a1f85fedf41e81b47f7c1d40084f?s=96&d=mm&r=g\",\"caption\":\"Comunidade Ativa\"},\"url\":\"https:\/\/www.comunidadeativa.jor.br\/index.php\/author\/casalberto\/\"}]}<\/script>\n<!-- \/ Yoast SEO plugin. -->","yoast_head_json":{"title":"Cuidados bucais devem come\u00e7ar antes dos primeiros dentinhos do beb\u00ea surgirem - Comunidade Ativa","robots":{"index":"index","follow":"follow","max-snippet":"max-snippet:-1","max-image-preview":"max-image-preview:large","max-video-preview":"max-video-preview:-1"},"canonical":"https:\/\/www.comunidadeativa.jor.br\/index.php\/2022\/10\/08\/cuidados-com-os-primeiros-dentinhos\/","og_locale":"pt_BR","og_type":"article","og_title":"Cuidados bucais devem come\u00e7ar antes dos primeiros dentinhos do beb\u00ea surgirem - Comunidade Ativa","og_description":"Quando a denti\u00e7\u00e3o do beb\u00ea come\u00e7a a apontar, junto ao espet\u00e1culo de fofura, surge um impasse. Por um lado, h\u00e1","og_url":"https:\/\/www.comunidadeativa.jor.br\/index.php\/2022\/10\/08\/cuidados-com-os-primeiros-dentinhos\/","og_site_name":"Comunidade Ativa","article_publisher":"https:\/\/www.facebook.com\/comunidadeativa","article_published_time":"2022-10-08T13:33:27+00:00","article_modified_time":"2022-11-08T16:46:13+00:00","og_image":[{"width":600,"height":334,"url":"https:\/\/www.comunidadeativa.jor.br\/wp-content\/uploads\/2020\/05\/baby-first-teeth-not-telling.jpg","type":"image\/jpeg"}],"author":"Comunidade Ativa","twitter_card":"summary_large_image","twitter_misc":{"Escrito por":"Comunidade Ativa","Est. tempo de leitura":"3 minutos"},"schema":{"@context":"https:\/\/schema.org","@graph":[{"@type":"Article","@id":"https:\/\/www.comunidadeativa.jor.br\/index.php\/2022\/10\/08\/cuidados-com-os-primeiros-dentinhos\/#article","isPartOf":{"@id":"https:\/\/www.comunidadeativa.jor.br\/index.php\/2022\/10\/08\/cuidados-com-os-primeiros-dentinhos\/"},"author":{"name":"Comunidade Ativa","@id":"https:\/\/www.comunidadeativa.jor.br\/#\/schema\/person\/dcaa1f1c51c1f0c47a33b2b734cad6e1"},"headline":"Cuidados bucais devem come\u00e7ar antes dos primeiros dentinhos do beb\u00ea surgirem","datePublished":"2022-10-08T13:33:27+00:00","dateModified":"2022-11-08T16:46:13+00:00","mainEntityOfPage":{"@id":"https:\/\/www.comunidadeativa.jor.br\/index.php\/2022\/10\/08\/cuidados-com-os-primeiros-dentinhos\/"},"wordCount":538,"publisher":{"@id":"https:\/\/www.comunidadeativa.jor.br\/#organization"},"image":{"@id":"https:\/\/www.comunidadeativa.jor.br\/index.php\/2022\/10\/08\/cuidados-com-os-primeiros-dentinhos\/#primaryimage"},"thumbnailUrl":"https:\/\/www.comunidadeativa.jor.br\/wp-content\/uploads\/2020\/05\/baby-first-teeth-not-telling.jpg","articleSection":["Sa\u00fade &amp; Qualidade de Vida"],"inLanguage":"pt-BR"},{"@type":"WebPage","@id":"https:\/\/www.comunidadeativa.jor.br\/index.php\/2022\/10\/08\/cuidados-com-os-primeiros-dentinhos\/","url":"https:\/\/www.comunidadeativa.jor.br\/index.php\/2022\/10\/08\/cuidados-com-os-primeiros-dentinhos\/","name":"Cuidados bucais devem come\u00e7ar antes dos primeiros dentinhos do beb\u00ea surgirem - Comunidade Ativa","isPartOf":{"@id":"https:\/\/www.comunidadeativa.jor.br\/#website"},"primaryImageOfPage":{"@id":"https:\/\/www.comunidadeativa.jor.br\/index.php\/2022\/10\/08\/cuidados-com-os-primeiros-dentinhos\/#primaryimage"},"image":{"@id":"https:\/\/www.comunidadeativa.jor.br\/index.php\/2022\/10\/08\/cuidados-com-os-primeiros-dentinhos\/#primaryimage"},"thumbnailUrl":"https:\/\/www.comunidadeativa.jor.br\/wp-content\/uploads\/2020\/05\/baby-first-teeth-not-telling.jpg","datePublished":"2022-10-08T13:33:27+00:00","dateModified":"2022-11-08T16:46:13+00:00","breadcrumb":{"@id":"https:\/\/www.comunidadeativa.jor.br\/index.php\/2022\/10\/08\/cuidados-com-os-primeiros-dentinhos\/#breadcrumb"},"inLanguage":"pt-BR","potentialAction":[{"@type":"ReadAction","target":["https:\/\/www.comunidadeativa.jor.br\/index.php\/2022\/10\/08\/cuidados-com-os-primeiros-dentinhos\/"]}]},{"@type":"ImageObject","inLanguage":"pt-BR","@id":"https:\/\/www.comunidadeativa.jor.br\/index.php\/2022\/10\/08\/cuidados-com-os-primeiros-dentinhos\/#primaryimage","url":"https:\/\/www.comunidadeativa.jor.br\/wp-content\/uploads\/2020\/05\/baby-first-teeth-not-telling.jpg","contentUrl":"https:\/\/www.comunidadeativa.jor.br\/wp-content\/uploads\/2020\/05\/baby-first-teeth-not-telling.jpg","width":600,"height":334},{"@type":"BreadcrumbList","@id":"https:\/\/www.comunidadeativa.jor.br\/index.php\/2022\/10\/08\/cuidados-com-os-primeiros-dentinhos\/#breadcrumb","itemListElement":[{"@type":"ListItem","position":1,"name":"In\u00edcio","item":"https:\/\/www.comunidadeativa.jor.br\/"},{"@type":"ListItem","position":2,"name":"Cuidados bucais devem come\u00e7ar antes dos primeiros dentinhos do beb\u00ea surgirem"}]},{"@type":"WebSite","@id":"https:\/\/www.comunidadeativa.jor.br\/#website","url":"https:\/\/www.comunidadeativa.jor.br\/","name":"Comunidade Ativa","description":"","publisher":{"@id":"https:\/\/www.comunidadeativa.jor.br\/#organization"},"potentialAction":[{"@type":"SearchAction","target":{"@type":"EntryPoint","urlTemplate":"https:\/\/www.comunidadeativa.jor.br\/?s={search_term_string}"},"query-input":{"@type":"PropertyValueSpecification","valueRequired":true,"valueName":"search_term_string"}}],"inLanguage":"pt-BR"},{"@type":"Organization","@id":"https:\/\/www.comunidadeativa.jor.br\/#organization","name":"Comunidade Ativa","url":"https:\/\/www.comunidadeativa.jor.br\/","logo":{"@type":"ImageObject","inLanguage":"pt-BR","@id":"https:\/\/www.comunidadeativa.jor.br\/#\/schema\/logo\/image\/","url":"https:\/\/www.comunidadeativa.jor.br\/wp-content\/uploads\/2018\/03\/cropped-LOGOPNG-1.png","contentUrl":"https:\/\/www.comunidadeativa.jor.br\/wp-content\/uploads\/2018\/03\/cropped-LOGOPNG-1.png","width":318,"height":90,"caption":"Comunidade Ativa"},"image":{"@id":"https:\/\/www.comunidadeativa.jor.br\/#\/schema\/logo\/image\/"},"sameAs":["https:\/\/www.facebook.com\/comunidadeativa"]},{"@type":"Person","@id":"https:\/\/www.comunidadeativa.jor.br\/#\/schema\/person\/dcaa1f1c51c1f0c47a33b2b734cad6e1","name":"Comunidade Ativa","image":{"@type":"ImageObject","inLanguage":"pt-BR","@id":"https:\/\/www.comunidadeativa.jor.br\/#\/schema\/person\/image\/","url":"https:\/\/secure.gravatar.com\/avatar\/09a9a1f85fedf41e81b47f7c1d40084f?s=96&d=mm&r=g","contentUrl":"https:\/\/secure.gravatar.com\/avatar\/09a9a1f85fedf41e81b47f7c1d40084f?s=96&d=mm&r=g","caption":"Comunidade Ativa"},"url":"https:\/\/www.comunidadeativa.jor.br\/index.php\/author\/casalberto\/"}]}},"_links":{"self":[{"href":"https:\/\/www.comunidadeativa.jor.br\/index.php\/wp-json\/wp\/v2\/posts\/758","targetHints":{"allow":["GET"]}}],"collection":[{"href":"https:\/\/www.comunidadeativa.jor.br\/index.php\/wp-json\/wp\/v2\/posts"}],"about":[{"href":"https:\/\/www.comunidadeativa.jor.br\/index.php\/wp-json\/wp\/v2\/types\/post"}],"author":[{"embeddable":true,"href":"https:\/\/www.comunidadeativa.jor.br\/index.php\/wp-json\/wp\/v2\/users\/1"}],"replies":[{"embeddable":true,"href":"https:\/\/www.comunidadeativa.jor.br\/index.php\/wp-json\/wp\/v2\/comments?post=758"}],"version-history":[{"count":5,"href":"https:\/\/www.comunidadeativa.jor.br\/index.php\/wp-json\/wp\/v2\/posts\/758\/revisions"}],"predecessor-version":[{"id":3278,"href":"https:\/\/www.comunidadeativa.jor.br\/index.php\/wp-json\/wp\/v2\/posts\/758\/revisions\/3278"}],"wp:featuredmedia":[{"embeddable":true,"href":"https:\/\/www.comunidadeativa.jor.br\/index.php\/wp-json\/wp\/v2\/media\/760"}],"wp:attachment":[{"href":"https:\/\/www.comunidadeativa.jor.br\/index.php\/wp-json\/wp\/v2\/media?parent=758"}],"wp:term":[{"taxonomy":"category","embeddable":true,"href":"https:\/\/www.comunidadeativa.jor.br\/index.php\/wp-json\/wp\/v2\/categories?post=758"},{"taxonomy":"post_tag","embeddable":true,"href":"https:\/\/www.comunidadeativa.jor.br\/index.php\/wp-json\/wp\/v2\/tags?post=758"}],"curies":[{"name":"wp","href":"https:\/\/api.w.org\/{rel}","templated":true}]}}