{"id":801,"date":"2020-06-01T19:39:43","date_gmt":"2020-06-01T22:39:43","guid":{"rendered":"http:\/\/www.comunidadeativa.jor.br\/?p=801"},"modified":"2020-06-01T19:40:11","modified_gmt":"2020-06-01T22:40:11","slug":"ficar-em-casa-e-manifestacao-de-solidariedade-e-de-civilidade","status":"publish","type":"post","link":"https:\/\/www.comunidadeativa.jor.br\/index.php\/2020\/06\/01\/ficar-em-casa-e-manifestacao-de-solidariedade-e-de-civilidade\/","title":{"rendered":"Ficar em casa \u00e9 manifesta\u00e7\u00e3o de solidariedade e de civilidade"},"content":{"rendered":"<p>Por Carlos Alberto Rocha*<\/p>\n<p>Vendo toda a movimenta\u00e7\u00e3o desse pessoal que, em plena pandemia, n\u00e3o abriu m\u00e3o dos churrascos com os amigos, dos encontros com a fam\u00edlia, dos passeios para todos os lados ou de quaisquer outras atividades que poderiam ser evitadas no momento, mais uma vez, vejo confirmar o quanto os valores que a Educa\u00e7\u00e3o Ambiental (EA) se prop\u00f5e a promover s\u00e3o essenciais. Neste aspecto, em sua meta de tornar a humanidade apta a viver de forma sustent\u00e1vel sobre o planeta, de maneira simplificada, poder\u00edamos ver a EA como o conjunto de processos que busca fazer com que as pessoas assumam os deveres e as responsabilidades que elas t\u00eam como cidad\u00e3s.<\/p>\n<p>Afinal, consciente do papel que pode e que deve exercer na sociedade, o cidad\u00e3o tamb\u00e9m consegue entender que ele n\u00e3o \u00e9 respons\u00e1vel somente pelo pr\u00f3prio bem-estar ou, quando muito, pelo bem-estar das pessoas mais pr\u00f3ximas. Muito al\u00e9m, ele percebe que a responsabilidade que cada indiv\u00edduo det\u00e9m abrange v\u00e1rias outras pessoas, inclusive aquelas que est\u00e3o muito distantes.<\/p>\n<p>Sem esta consci\u00eancia, buscando atender apenas \u00e0s pr\u00f3prias necessidades ou a caprichos imediatos, as pessoas se tornam potencialmente destruidoras delas mesmas e, o que \u00e9 pior, acabam estendendo a capacidade de destrui\u00e7\u00e3o ao outro. Devemos convir que a pessoa inconsciente da pr\u00f3pria responsabilidade \u00e9 aquela que n\u00e3o cuida do pr\u00f3prio lixo, que n\u00e3o respeita as ordena\u00e7\u00f5es urbanas, como as de tr\u00e2nsito, por exemplo, e que, entre tantas outras formas de comportamentos inadequados, \u00e9 aquela em tempos de pandemia \u00e9 incapaz de seguir as regras fundamentais de isolamento social.<\/p>\n<h4>Novo normal<\/h4>\n<p>Ora, no meio de toda a afli\u00e7\u00e3o que a covid-19 jogou sobre nossas cabe\u00e7as, temos ouvido falar sobre um \u201cnovo normal\u201d, que, na verdade, nos soa como uma condi\u00e7\u00e3o dist\u00f3pica. Entretanto, talvez esteja a\u00ed uma excelente oportunidade para construirmos novos conceitos, que sejam capazes de nos aproximar mais do que realmente deveria ser a civiliza\u00e7\u00e3o.<\/p>\n<p>Felizmente, \u00e9 de se esperar que algumas boas novidades surjam daqui a algum tempo. Como disse Einstein, <em>dificuldades e obst\u00e1culos s\u00e3o fontes valiosas de sa\u00fade e de for\u00e7a para qualquer sociedade<\/em>, o que j\u00e1 ficou provado pelos in\u00fameros per\u00edodos de intenso desenvolvimento social, cultural e tecnol\u00f3gico que vieram ap\u00f3s as tantas outras crises que a humanidade atravessou ao longo da hist\u00f3ria. Portanto, \u00e9 de se esperar que algo verdadeiramente transformador surja depois desta pandemia ou mesmo durante ela.<\/p>\n<h4>Solidariedade<\/h4>\n<p>De fato, a despeito das loucuras da pol\u00edtica e das convuls\u00f5es sociais que t\u00eam acontecido mundo afora, podemos perceber um movimento de solidariedade bastante amplo, que tem se desenvolvido de v\u00e1rias formas e em v\u00e1rias frentes, o que j\u00e1 pode ser visto como uma consequ\u00eancia positiva da pandemia. Pois a boa not\u00edcia \u00e9 que a solidariedade \u00e9 um pr\u00e9-requisito indispens\u00e1vel para que a civiliza\u00e7\u00e3o se estabele\u00e7a.<\/p>\n<p>Falando sobre isso, em um tu\u00edte recente, a ambientalista <a href=\"https:\/\/www.huffpostbrasil.com\/entry\/natalie-unterstell-antartida_br_5c54a8ede4b00187b550d394\">Natalie Unterstell<\/a> mencionou a resposta da antrop\u00f3loga cultural norte-americana <a href=\"http:\/\/ea.fflch.usp.br\/content\/margaret-mead\">Margaret Mead<\/a> (1901 \u2013 1978) dada a um aluno, que a perguntou qual seria o primeiro sinal de civiliza\u00e7\u00e3o que deveria ser observado em uma determinada cultura. Na expectativa de ouvir falar sobre panelas de barro e ferramentas, o rapaz se surpreendeu com o relato da cientista sobre um f\u00eamur humano quebrado e cicatrizado que foi encontrado em uma escava\u00e7\u00e3o.<\/p>\n<p>Ao aluno, a antrop\u00f3loga explicou que, na natureza, um animal que quebra a perna geralmente \u00e9 deixado \u00e0 pr\u00f3pria sorte e, sem capacidade para prover o pr\u00f3prio sustento e indefeso, acaba morrendo de fome, se antes n\u00e3o for atacado por algum predador. Por sua vez, aquele osso cicatrizado encontrado em uma escava\u00e7\u00e3o pode ser visto como o indicativo de que a v\u00edtima da fratura certamente foi socorrida por algu\u00e9m que a levou para algum lugar seguro, onde foi cuidada at\u00e9 que se restabelecesse.<\/p>\n<p>Pois, <em>ajudar algu\u00e9m durante a dificuldade \u00e9 quando a civiliza\u00e7\u00e3o come\u00e7a<\/em>, teria conclu\u00eddo Margaret.<\/p>\n<h4>Se poss\u00edvel, fique em casa<\/h4>\n<p>Como agora estamos vivendo momentos de dificuldades das mais graves, tamb\u00e9m estamos diante de oportunidades \u00fanicas para demonstrarmos o quanto somos civilizados e, mais do que isto, para desenvolvermos os nossos princ\u00edpios de civiliza\u00e7\u00e3o para muito al\u00e9m daqueles que exercemos hoje. Cuidarmos uns dos outros, como membros da mesma esp\u00e9cie e habitantes do mesmo planeta, pode ser uma forma incr\u00edvel de, finalmente, nos tornarmos verdadeiramente civilizados.<\/p>\n<p>Neste sentido, a Educa\u00e7\u00e3o Ambiental nos indica v\u00e1rios caminhos poss\u00edveis. Entretanto, agora, durante a pandemia, de uma forma muito simples e sem nenhum esfor\u00e7o, podemos agir neste sentido. Pra isso, basta ficar em casa, sempre que poss\u00edvel.<\/p>\n<p>*<em>Jornalista, especialista em Educa\u00e7\u00e3o Ambiental, Carlos Alberto \u00e9 presidente da <a href=\"http:\/\/www.amoran.net\">Amoran<\/a> e editor do <a href=\"http:\/\/www.comunidadeativa.jor.br\">Comunidade Ativa<\/a><\/em><\/p>\n","protected":false},"excerpt":{"rendered":"<p>Por Carlos Alberto Rocha* Vendo toda a movimenta\u00e7\u00e3o desse pessoal que, em plena pandemia, n\u00e3o abriu m\u00e3o dos churrascos com<\/p>\n","protected":false},"author":1,"featured_media":802,"comment_status":"closed","ping_status":"open","sticky":false,"template":"","format":"standard","meta":{"footnotes":""},"categories":[6],"tags":[],"class_list":["post-801","post","type-post","status-publish","format-standard","has-post-thumbnail","hentry","category-artigo"],"yoast_head":"<!-- This site is optimized with the Yoast SEO plugin v26.0 - https:\/\/yoast.com\/wordpress\/plugins\/seo\/ -->\n<title>Ficar em casa \u00e9 manifesta\u00e7\u00e3o de solidariedade e de civilidade - Comunidade Ativa<\/title>\n<meta name=\"robots\" content=\"index, follow, max-snippet:-1, max-image-preview:large, max-video-preview:-1\" \/>\n<link rel=\"canonical\" href=\"https:\/\/www.comunidadeativa.jor.br\/index.php\/2020\/06\/01\/ficar-em-casa-e-manifestacao-de-solidariedade-e-de-civilidade\/\" \/>\n<meta property=\"og:locale\" content=\"pt_BR\" \/>\n<meta property=\"og:type\" content=\"article\" \/>\n<meta property=\"og:title\" content=\"Ficar em casa \u00e9 manifesta\u00e7\u00e3o de solidariedade e de civilidade - Comunidade Ativa\" \/>\n<meta property=\"og:description\" content=\"Por Carlos Alberto Rocha* Vendo toda a movimenta\u00e7\u00e3o desse pessoal que, em plena pandemia, n\u00e3o abriu m\u00e3o dos churrascos com\" \/>\n<meta property=\"og:url\" content=\"https:\/\/www.comunidadeativa.jor.br\/index.php\/2020\/06\/01\/ficar-em-casa-e-manifestacao-de-solidariedade-e-de-civilidade\/\" \/>\n<meta property=\"og:site_name\" content=\"Comunidade Ativa\" \/>\n<meta property=\"article:publisher\" content=\"https:\/\/www.facebook.com\/comunidadeativa\" \/>\n<meta property=\"article:published_time\" content=\"2020-06-01T22:39:43+00:00\" \/>\n<meta property=\"article:modified_time\" content=\"2020-06-01T22:40:11+00:00\" \/>\n<meta property=\"og:image\" content=\"https:\/\/www.comunidadeativa.jor.br\/wp-content\/uploads\/2020\/06\/stau.jpg\" \/>\n\t<meta property=\"og:image:width\" content=\"800\" \/>\n\t<meta property=\"og:image:height\" content=\"445\" \/>\n\t<meta property=\"og:image:type\" content=\"image\/jpeg\" \/>\n<meta name=\"author\" content=\"Comunidade Ativa\" \/>\n<meta name=\"twitter:card\" content=\"summary_large_image\" \/>\n<meta name=\"twitter:label1\" content=\"Escrito por\" \/>\n\t<meta name=\"twitter:data1\" content=\"Comunidade Ativa\" \/>\n\t<meta name=\"twitter:label2\" content=\"Est. tempo de leitura\" \/>\n\t<meta name=\"twitter:data2\" content=\"4 minutos\" \/>\n<script type=\"application\/ld+json\" class=\"yoast-schema-graph\">{\"@context\":\"https:\/\/schema.org\",\"@graph\":[{\"@type\":\"Article\",\"@id\":\"https:\/\/www.comunidadeativa.jor.br\/index.php\/2020\/06\/01\/ficar-em-casa-e-manifestacao-de-solidariedade-e-de-civilidade\/#article\",\"isPartOf\":{\"@id\":\"https:\/\/www.comunidadeativa.jor.br\/index.php\/2020\/06\/01\/ficar-em-casa-e-manifestacao-de-solidariedade-e-de-civilidade\/\"},\"author\":{\"name\":\"Comunidade Ativa\",\"@id\":\"https:\/\/www.comunidadeativa.jor.br\/#\/schema\/person\/dcaa1f1c51c1f0c47a33b2b734cad6e1\"},\"headline\":\"Ficar em casa \u00e9 manifesta\u00e7\u00e3o de solidariedade e de civilidade\",\"datePublished\":\"2020-06-01T22:39:43+00:00\",\"dateModified\":\"2020-06-01T22:40:11+00:00\",\"mainEntityOfPage\":{\"@id\":\"https:\/\/www.comunidadeativa.jor.br\/index.php\/2020\/06\/01\/ficar-em-casa-e-manifestacao-de-solidariedade-e-de-civilidade\/\"},\"wordCount\":836,\"publisher\":{\"@id\":\"https:\/\/www.comunidadeativa.jor.br\/#organization\"},\"image\":{\"@id\":\"https:\/\/www.comunidadeativa.jor.br\/index.php\/2020\/06\/01\/ficar-em-casa-e-manifestacao-de-solidariedade-e-de-civilidade\/#primaryimage\"},\"thumbnailUrl\":\"https:\/\/www.comunidadeativa.jor.br\/wp-content\/uploads\/2020\/06\/stau.jpg\",\"articleSection\":[\"Recentes\"],\"inLanguage\":\"pt-BR\"},{\"@type\":\"WebPage\",\"@id\":\"https:\/\/www.comunidadeativa.jor.br\/index.php\/2020\/06\/01\/ficar-em-casa-e-manifestacao-de-solidariedade-e-de-civilidade\/\",\"url\":\"https:\/\/www.comunidadeativa.jor.br\/index.php\/2020\/06\/01\/ficar-em-casa-e-manifestacao-de-solidariedade-e-de-civilidade\/\",\"name\":\"Ficar em casa \u00e9 manifesta\u00e7\u00e3o de solidariedade e de civilidade - Comunidade Ativa\",\"isPartOf\":{\"@id\":\"https:\/\/www.comunidadeativa.jor.br\/#website\"},\"primaryImageOfPage\":{\"@id\":\"https:\/\/www.comunidadeativa.jor.br\/index.php\/2020\/06\/01\/ficar-em-casa-e-manifestacao-de-solidariedade-e-de-civilidade\/#primaryimage\"},\"image\":{\"@id\":\"https:\/\/www.comunidadeativa.jor.br\/index.php\/2020\/06\/01\/ficar-em-casa-e-manifestacao-de-solidariedade-e-de-civilidade\/#primaryimage\"},\"thumbnailUrl\":\"https:\/\/www.comunidadeativa.jor.br\/wp-content\/uploads\/2020\/06\/stau.jpg\",\"datePublished\":\"2020-06-01T22:39:43+00:00\",\"dateModified\":\"2020-06-01T22:40:11+00:00\",\"breadcrumb\":{\"@id\":\"https:\/\/www.comunidadeativa.jor.br\/index.php\/2020\/06\/01\/ficar-em-casa-e-manifestacao-de-solidariedade-e-de-civilidade\/#breadcrumb\"},\"inLanguage\":\"pt-BR\",\"potentialAction\":[{\"@type\":\"ReadAction\",\"target\":[\"https:\/\/www.comunidadeativa.jor.br\/index.php\/2020\/06\/01\/ficar-em-casa-e-manifestacao-de-solidariedade-e-de-civilidade\/\"]}]},{\"@type\":\"ImageObject\",\"inLanguage\":\"pt-BR\",\"@id\":\"https:\/\/www.comunidadeativa.jor.br\/index.php\/2020\/06\/01\/ficar-em-casa-e-manifestacao-de-solidariedade-e-de-civilidade\/#primaryimage\",\"url\":\"https:\/\/www.comunidadeativa.jor.br\/wp-content\/uploads\/2020\/06\/stau.jpg\",\"contentUrl\":\"https:\/\/www.comunidadeativa.jor.br\/wp-content\/uploads\/2020\/06\/stau.jpg\",\"width\":800,\"height\":445},{\"@type\":\"BreadcrumbList\",\"@id\":\"https:\/\/www.comunidadeativa.jor.br\/index.php\/2020\/06\/01\/ficar-em-casa-e-manifestacao-de-solidariedade-e-de-civilidade\/#breadcrumb\",\"itemListElement\":[{\"@type\":\"ListItem\",\"position\":1,\"name\":\"In\u00edcio\",\"item\":\"https:\/\/www.comunidadeativa.jor.br\/\"},{\"@type\":\"ListItem\",\"position\":2,\"name\":\"Ficar em casa \u00e9 manifesta\u00e7\u00e3o de solidariedade e de civilidade\"}]},{\"@type\":\"WebSite\",\"@id\":\"https:\/\/www.comunidadeativa.jor.br\/#website\",\"url\":\"https:\/\/www.comunidadeativa.jor.br\/\",\"name\":\"Comunidade Ativa\",\"description\":\"\",\"publisher\":{\"@id\":\"https:\/\/www.comunidadeativa.jor.br\/#organization\"},\"potentialAction\":[{\"@type\":\"SearchAction\",\"target\":{\"@type\":\"EntryPoint\",\"urlTemplate\":\"https:\/\/www.comunidadeativa.jor.br\/?s={search_term_string}\"},\"query-input\":{\"@type\":\"PropertyValueSpecification\",\"valueRequired\":true,\"valueName\":\"search_term_string\"}}],\"inLanguage\":\"pt-BR\"},{\"@type\":\"Organization\",\"@id\":\"https:\/\/www.comunidadeativa.jor.br\/#organization\",\"name\":\"Comunidade Ativa\",\"url\":\"https:\/\/www.comunidadeativa.jor.br\/\",\"logo\":{\"@type\":\"ImageObject\",\"inLanguage\":\"pt-BR\",\"@id\":\"https:\/\/www.comunidadeativa.jor.br\/#\/schema\/logo\/image\/\",\"url\":\"https:\/\/www.comunidadeativa.jor.br\/wp-content\/uploads\/2018\/03\/cropped-LOGOPNG-1.png\",\"contentUrl\":\"https:\/\/www.comunidadeativa.jor.br\/wp-content\/uploads\/2018\/03\/cropped-LOGOPNG-1.png\",\"width\":318,\"height\":90,\"caption\":\"Comunidade Ativa\"},\"image\":{\"@id\":\"https:\/\/www.comunidadeativa.jor.br\/#\/schema\/logo\/image\/\"},\"sameAs\":[\"https:\/\/www.facebook.com\/comunidadeativa\"]},{\"@type\":\"Person\",\"@id\":\"https:\/\/www.comunidadeativa.jor.br\/#\/schema\/person\/dcaa1f1c51c1f0c47a33b2b734cad6e1\",\"name\":\"Comunidade Ativa\",\"image\":{\"@type\":\"ImageObject\",\"inLanguage\":\"pt-BR\",\"@id\":\"https:\/\/www.comunidadeativa.jor.br\/#\/schema\/person\/image\/\",\"url\":\"https:\/\/secure.gravatar.com\/avatar\/09a9a1f85fedf41e81b47f7c1d40084f?s=96&d=mm&r=g\",\"contentUrl\":\"https:\/\/secure.gravatar.com\/avatar\/09a9a1f85fedf41e81b47f7c1d40084f?s=96&d=mm&r=g\",\"caption\":\"Comunidade Ativa\"},\"url\":\"https:\/\/www.comunidadeativa.jor.br\/index.php\/author\/casalberto\/\"}]}<\/script>\n<!-- \/ Yoast SEO plugin. -->","yoast_head_json":{"title":"Ficar em casa \u00e9 manifesta\u00e7\u00e3o de solidariedade e de civilidade - Comunidade Ativa","robots":{"index":"index","follow":"follow","max-snippet":"max-snippet:-1","max-image-preview":"max-image-preview:large","max-video-preview":"max-video-preview:-1"},"canonical":"https:\/\/www.comunidadeativa.jor.br\/index.php\/2020\/06\/01\/ficar-em-casa-e-manifestacao-de-solidariedade-e-de-civilidade\/","og_locale":"pt_BR","og_type":"article","og_title":"Ficar em casa \u00e9 manifesta\u00e7\u00e3o de solidariedade e de civilidade - Comunidade Ativa","og_description":"Por Carlos Alberto Rocha* Vendo toda a movimenta\u00e7\u00e3o desse pessoal que, em plena pandemia, n\u00e3o abriu m\u00e3o dos churrascos com","og_url":"https:\/\/www.comunidadeativa.jor.br\/index.php\/2020\/06\/01\/ficar-em-casa-e-manifestacao-de-solidariedade-e-de-civilidade\/","og_site_name":"Comunidade Ativa","article_publisher":"https:\/\/www.facebook.com\/comunidadeativa","article_published_time":"2020-06-01T22:39:43+00:00","article_modified_time":"2020-06-01T22:40:11+00:00","og_image":[{"width":800,"height":445,"url":"https:\/\/www.comunidadeativa.jor.br\/wp-content\/uploads\/2020\/06\/stau.jpg","type":"image\/jpeg"}],"author":"Comunidade Ativa","twitter_card":"summary_large_image","twitter_misc":{"Escrito por":"Comunidade Ativa","Est. tempo de leitura":"4 minutos"},"schema":{"@context":"https:\/\/schema.org","@graph":[{"@type":"Article","@id":"https:\/\/www.comunidadeativa.jor.br\/index.php\/2020\/06\/01\/ficar-em-casa-e-manifestacao-de-solidariedade-e-de-civilidade\/#article","isPartOf":{"@id":"https:\/\/www.comunidadeativa.jor.br\/index.php\/2020\/06\/01\/ficar-em-casa-e-manifestacao-de-solidariedade-e-de-civilidade\/"},"author":{"name":"Comunidade Ativa","@id":"https:\/\/www.comunidadeativa.jor.br\/#\/schema\/person\/dcaa1f1c51c1f0c47a33b2b734cad6e1"},"headline":"Ficar em casa \u00e9 manifesta\u00e7\u00e3o de solidariedade e de civilidade","datePublished":"2020-06-01T22:39:43+00:00","dateModified":"2020-06-01T22:40:11+00:00","mainEntityOfPage":{"@id":"https:\/\/www.comunidadeativa.jor.br\/index.php\/2020\/06\/01\/ficar-em-casa-e-manifestacao-de-solidariedade-e-de-civilidade\/"},"wordCount":836,"publisher":{"@id":"https:\/\/www.comunidadeativa.jor.br\/#organization"},"image":{"@id":"https:\/\/www.comunidadeativa.jor.br\/index.php\/2020\/06\/01\/ficar-em-casa-e-manifestacao-de-solidariedade-e-de-civilidade\/#primaryimage"},"thumbnailUrl":"https:\/\/www.comunidadeativa.jor.br\/wp-content\/uploads\/2020\/06\/stau.jpg","articleSection":["Recentes"],"inLanguage":"pt-BR"},{"@type":"WebPage","@id":"https:\/\/www.comunidadeativa.jor.br\/index.php\/2020\/06\/01\/ficar-em-casa-e-manifestacao-de-solidariedade-e-de-civilidade\/","url":"https:\/\/www.comunidadeativa.jor.br\/index.php\/2020\/06\/01\/ficar-em-casa-e-manifestacao-de-solidariedade-e-de-civilidade\/","name":"Ficar em casa \u00e9 manifesta\u00e7\u00e3o de solidariedade e de civilidade - Comunidade Ativa","isPartOf":{"@id":"https:\/\/www.comunidadeativa.jor.br\/#website"},"primaryImageOfPage":{"@id":"https:\/\/www.comunidadeativa.jor.br\/index.php\/2020\/06\/01\/ficar-em-casa-e-manifestacao-de-solidariedade-e-de-civilidade\/#primaryimage"},"image":{"@id":"https:\/\/www.comunidadeativa.jor.br\/index.php\/2020\/06\/01\/ficar-em-casa-e-manifestacao-de-solidariedade-e-de-civilidade\/#primaryimage"},"thumbnailUrl":"https:\/\/www.comunidadeativa.jor.br\/wp-content\/uploads\/2020\/06\/stau.jpg","datePublished":"2020-06-01T22:39:43+00:00","dateModified":"2020-06-01T22:40:11+00:00","breadcrumb":{"@id":"https:\/\/www.comunidadeativa.jor.br\/index.php\/2020\/06\/01\/ficar-em-casa-e-manifestacao-de-solidariedade-e-de-civilidade\/#breadcrumb"},"inLanguage":"pt-BR","potentialAction":[{"@type":"ReadAction","target":["https:\/\/www.comunidadeativa.jor.br\/index.php\/2020\/06\/01\/ficar-em-casa-e-manifestacao-de-solidariedade-e-de-civilidade\/"]}]},{"@type":"ImageObject","inLanguage":"pt-BR","@id":"https:\/\/www.comunidadeativa.jor.br\/index.php\/2020\/06\/01\/ficar-em-casa-e-manifestacao-de-solidariedade-e-de-civilidade\/#primaryimage","url":"https:\/\/www.comunidadeativa.jor.br\/wp-content\/uploads\/2020\/06\/stau.jpg","contentUrl":"https:\/\/www.comunidadeativa.jor.br\/wp-content\/uploads\/2020\/06\/stau.jpg","width":800,"height":445},{"@type":"BreadcrumbList","@id":"https:\/\/www.comunidadeativa.jor.br\/index.php\/2020\/06\/01\/ficar-em-casa-e-manifestacao-de-solidariedade-e-de-civilidade\/#breadcrumb","itemListElement":[{"@type":"ListItem","position":1,"name":"In\u00edcio","item":"https:\/\/www.comunidadeativa.jor.br\/"},{"@type":"ListItem","position":2,"name":"Ficar em casa \u00e9 manifesta\u00e7\u00e3o de solidariedade e de civilidade"}]},{"@type":"WebSite","@id":"https:\/\/www.comunidadeativa.jor.br\/#website","url":"https:\/\/www.comunidadeativa.jor.br\/","name":"Comunidade Ativa","description":"","publisher":{"@id":"https:\/\/www.comunidadeativa.jor.br\/#organization"},"potentialAction":[{"@type":"SearchAction","target":{"@type":"EntryPoint","urlTemplate":"https:\/\/www.comunidadeativa.jor.br\/?s={search_term_string}"},"query-input":{"@type":"PropertyValueSpecification","valueRequired":true,"valueName":"search_term_string"}}],"inLanguage":"pt-BR"},{"@type":"Organization","@id":"https:\/\/www.comunidadeativa.jor.br\/#organization","name":"Comunidade Ativa","url":"https:\/\/www.comunidadeativa.jor.br\/","logo":{"@type":"ImageObject","inLanguage":"pt-BR","@id":"https:\/\/www.comunidadeativa.jor.br\/#\/schema\/logo\/image\/","url":"https:\/\/www.comunidadeativa.jor.br\/wp-content\/uploads\/2018\/03\/cropped-LOGOPNG-1.png","contentUrl":"https:\/\/www.comunidadeativa.jor.br\/wp-content\/uploads\/2018\/03\/cropped-LOGOPNG-1.png","width":318,"height":90,"caption":"Comunidade Ativa"},"image":{"@id":"https:\/\/www.comunidadeativa.jor.br\/#\/schema\/logo\/image\/"},"sameAs":["https:\/\/www.facebook.com\/comunidadeativa"]},{"@type":"Person","@id":"https:\/\/www.comunidadeativa.jor.br\/#\/schema\/person\/dcaa1f1c51c1f0c47a33b2b734cad6e1","name":"Comunidade Ativa","image":{"@type":"ImageObject","inLanguage":"pt-BR","@id":"https:\/\/www.comunidadeativa.jor.br\/#\/schema\/person\/image\/","url":"https:\/\/secure.gravatar.com\/avatar\/09a9a1f85fedf41e81b47f7c1d40084f?s=96&d=mm&r=g","contentUrl":"https:\/\/secure.gravatar.com\/avatar\/09a9a1f85fedf41e81b47f7c1d40084f?s=96&d=mm&r=g","caption":"Comunidade Ativa"},"url":"https:\/\/www.comunidadeativa.jor.br\/index.php\/author\/casalberto\/"}]}},"_links":{"self":[{"href":"https:\/\/www.comunidadeativa.jor.br\/index.php\/wp-json\/wp\/v2\/posts\/801","targetHints":{"allow":["GET"]}}],"collection":[{"href":"https:\/\/www.comunidadeativa.jor.br\/index.php\/wp-json\/wp\/v2\/posts"}],"about":[{"href":"https:\/\/www.comunidadeativa.jor.br\/index.php\/wp-json\/wp\/v2\/types\/post"}],"author":[{"embeddable":true,"href":"https:\/\/www.comunidadeativa.jor.br\/index.php\/wp-json\/wp\/v2\/users\/1"}],"replies":[{"embeddable":true,"href":"https:\/\/www.comunidadeativa.jor.br\/index.php\/wp-json\/wp\/v2\/comments?post=801"}],"version-history":[{"count":1,"href":"https:\/\/www.comunidadeativa.jor.br\/index.php\/wp-json\/wp\/v2\/posts\/801\/revisions"}],"predecessor-version":[{"id":803,"href":"https:\/\/www.comunidadeativa.jor.br\/index.php\/wp-json\/wp\/v2\/posts\/801\/revisions\/803"}],"wp:featuredmedia":[{"embeddable":true,"href":"https:\/\/www.comunidadeativa.jor.br\/index.php\/wp-json\/wp\/v2\/media\/802"}],"wp:attachment":[{"href":"https:\/\/www.comunidadeativa.jor.br\/index.php\/wp-json\/wp\/v2\/media?parent=801"}],"wp:term":[{"taxonomy":"category","embeddable":true,"href":"https:\/\/www.comunidadeativa.jor.br\/index.php\/wp-json\/wp\/v2\/categories?post=801"},{"taxonomy":"post_tag","embeddable":true,"href":"https:\/\/www.comunidadeativa.jor.br\/index.php\/wp-json\/wp\/v2\/tags?post=801"}],"curies":[{"name":"wp","href":"https:\/\/api.w.org\/{rel}","templated":true}]}}