{"id":893,"date":"2020-06-22T19:00:41","date_gmt":"2020-06-22T22:00:41","guid":{"rendered":"http:\/\/www.comunidadeativa.jor.br\/?p=893"},"modified":"2020-06-24T16:38:27","modified_gmt":"2020-06-24T19:38:27","slug":"historia-de-uma-longa-vida-um-presente-que-recebi-de-geraldo-fonseca","status":"publish","type":"post","link":"https:\/\/www.comunidadeativa.jor.br\/index.php\/2020\/06\/22\/historia-de-uma-longa-vida-um-presente-que-recebi-de-geraldo-fonseca\/","title":{"rendered":"Hist\u00f3ria de uma longa vida, um presente que recebi de Geraldo Fonseca"},"content":{"rendered":"<p>por Carlos Alberto Rocha*<\/p>\n<p>De acordo com a nota que h\u00e1 na segunda orelha do livro <em>Hist\u00f3ria de uma longa vida<\/em> (Editora B, 125 p\u00e1ginas), do engenheiro Geraldo de Almeida Fonseca, o termo <em>Geraldo<\/em> vem do germ\u00e2nico <em>Gerwald<\/em> e re\u00fane os elementos <em>gair<\/em> \u2014 cujo significado \u00e9 <em>lan\u00e7a<\/em> \u2014 e <em>wald<\/em> \u2014 que significa <em>governar, dirigir<\/em>. Portanto, a partir desta jun\u00e7\u00e3o, para o nome poderiam ser atribu\u00eddos os significados <em>senhor da lan\u00e7a<\/em> e <em>guerreiro forte<\/em>, como tamb\u00e9m explica a nota.<\/p>\n<p>Ainda que a gentileza que lhe \u00e9 caracter\u00edstica contrarie qualquer natureza b\u00e9lica, quem tem a satisfa\u00e7\u00e3o de conhecer o senhor Geraldo sabe que os sentidos do nome que h\u00e1 94 anos ele carrega s\u00e3o muito apropriados. Afinal, al\u00e9m de poder contar mais de nove d\u00e9cadas de uma vida de muitas conquistas, o que poucos guerreiros alcan\u00e7am, ele faz isso com a mesma lucidez com a qual soube governar a pr\u00f3pria vida.<\/p>\n<h5>Lembran\u00e7as<\/h5>\n<p>Do nascimento em Tr\u00eas Cora\u00e7\u00f5es, em 26 de janeiro de 1926, passando pela Escola de Minas de Ouro Preto na d\u00e9cada de 1940 e pelo namoro com Dona Haid\u00e9e, com quem \u00e9 casado h\u00e1 67 anos, e chegando ao sucesso profissional e familiar, Geraldo apresenta suas reminisc\u00eancias de uma forma leve, como quem conta casos a um amigo. Entre elas est\u00e1 a marcante atua\u00e7\u00e3o como membro da diretoria da Amoran, que ele iniciou em 1994, ainda na gest\u00e3o de Jos\u00e9 Marques, permanecendo por 15 anos, at\u00e9 o final da primeira gest\u00e3o de Saulo Jardim, em 2009.<\/p>\n<p>Lendo a trajet\u00f3ria de Geraldo, fica mais claro compreender o que o leva a sempre apoiar e a participar das a\u00e7\u00f5es de interesse da comunidade do Anchieta. Al\u00e9m dos valores que herdou, da s\u00f3lida base acad\u00eamica, da fam\u00edlia que criou e da destacada atua\u00e7\u00e3o profissional, em v\u00e1rias ocasi\u00f5es, o autor buscou se aproximar de institui\u00e7\u00f5es que se dedicam a atividades sociais \u2014 como as que ocorrem a partir da pr\u00f3pria Amoran ou da Par\u00f3quia de S\u00e3o Mateus, por exemplo \u2014 nas quais manifestou um agu\u00e7ado esp\u00edrito de cidadania.<\/p>\n<h5>Inspira\u00e7\u00e3o<\/h5>\n<p>Como ressaltam o pref\u00e1cio e a conclus\u00e3o do livro, <em>Hist\u00f3ria de uma longa vida<\/em> foi escrito para transmitir aos familiares de Geraldo as suas lembran\u00e7as. Entretanto, mesmo n\u00e3o sendo membro da fam\u00edlia, tive a honra de receber um exemplar que, para mim, veio refor\u00e7ar a impress\u00e3o inspiradora que tenho sempre que converso com este verdadeiro cidad\u00e3o, que certamente pode servir como um exemplo para as novas gera\u00e7\u00f5es.<\/p>\n<p><img loading=\"lazy\" decoding=\"async\" class=\"alignnone wp-image-894 aligncenter\" src=\"http:\/\/www.comunidadeativa.jor.br\/wp-content\/uploads\/2020\/06\/casal.jpg\" alt=\"\" width=\"555\" height=\"464\" srcset=\"https:\/\/www.comunidadeativa.jor.br\/wp-content\/uploads\/2020\/06\/casal.jpg 861w, https:\/\/www.comunidadeativa.jor.br\/wp-content\/uploads\/2020\/06\/casal-300x251.jpg 300w, https:\/\/www.comunidadeativa.jor.br\/wp-content\/uploads\/2020\/06\/casal-768x642.jpg 768w\" sizes=\"auto, (max-width: 555px) 100vw, 555px\" \/><\/p>\n<p style=\"text-align: center;\">Carlos Alberto e Geraldo Fonseca no Almo\u00e7o da Amoran em 2019<\/p>\n<p>De fato, tomando emprestadas as palavras que a filha do autor Tela Fonseca usa para descrever o livro em sua contracapa, \u00e9 poss\u00edvel dizer que Geraldo \u00e9, por si, \u201cuma inspira\u00e7\u00e3o para o cultivo de valores como for\u00e7a, justi\u00e7a, honestidade, integridade e resili\u00eancia\u201d. Com estes valores se constr\u00f3i o que mais precisamos nos dias de hoje que \u00e9 exatamente o tal esp\u00edrito de cidadania.<\/p>\n<p>&nbsp;<\/p>\n<p>*Carlos Alberto \u00e9 editor do jornal Comunidade Ativa e presidente da Amoran<\/p>\n<p>&nbsp;<\/p>\n<p>&nbsp;<\/p>\n","protected":false},"excerpt":{"rendered":"<p>por Carlos Alberto Rocha* De acordo com a nota que h\u00e1 na segunda orelha do livro Hist\u00f3ria de uma longa<\/p>\n","protected":false},"author":1,"featured_media":895,"comment_status":"closed","ping_status":"open","sticky":false,"template":"","format":"standard","meta":{"footnotes":""},"categories":[5],"tags":[],"class_list":["post-893","post","type-post","status-publish","format-standard","has-post-thumbnail","hentry","category-pelo-bairro"],"yoast_head":"<!-- This site is optimized with the Yoast SEO plugin v26.0 - https:\/\/yoast.com\/wordpress\/plugins\/seo\/ -->\n<title>Hist\u00f3ria de uma longa vida, um presente que recebi de Geraldo Fonseca - Comunidade Ativa<\/title>\n<meta name=\"robots\" content=\"index, follow, max-snippet:-1, max-image-preview:large, max-video-preview:-1\" \/>\n<link rel=\"canonical\" href=\"https:\/\/www.comunidadeativa.jor.br\/index.php\/2020\/06\/22\/historia-de-uma-longa-vida-um-presente-que-recebi-de-geraldo-fonseca\/\" \/>\n<meta property=\"og:locale\" content=\"pt_BR\" \/>\n<meta property=\"og:type\" content=\"article\" \/>\n<meta property=\"og:title\" content=\"Hist\u00f3ria de uma longa vida, um presente que recebi de Geraldo Fonseca - Comunidade Ativa\" \/>\n<meta property=\"og:description\" content=\"por Carlos Alberto Rocha* De acordo com a nota que h\u00e1 na segunda orelha do livro Hist\u00f3ria de uma longa\" \/>\n<meta property=\"og:url\" content=\"https:\/\/www.comunidadeativa.jor.br\/index.php\/2020\/06\/22\/historia-de-uma-longa-vida-um-presente-que-recebi-de-geraldo-fonseca\/\" \/>\n<meta property=\"og:site_name\" content=\"Comunidade Ativa\" \/>\n<meta property=\"article:publisher\" content=\"https:\/\/www.facebook.com\/comunidadeativa\" \/>\n<meta property=\"article:published_time\" content=\"2020-06-22T22:00:41+00:00\" \/>\n<meta property=\"article:modified_time\" content=\"2020-06-24T19:38:27+00:00\" \/>\n<meta property=\"og:image\" content=\"https:\/\/www.comunidadeativa.jor.br\/wp-content\/uploads\/2020\/06\/angry-boy_21730-12942-1.jpg\" \/>\n\t<meta property=\"og:image:width\" content=\"640\" \/>\n\t<meta property=\"og:image:height\" content=\"352\" \/>\n\t<meta property=\"og:image:type\" content=\"image\/jpeg\" \/>\n<meta name=\"author\" content=\"Comunidade Ativa\" \/>\n<meta name=\"twitter:card\" content=\"summary_large_image\" \/>\n<meta name=\"twitter:label1\" content=\"Escrito por\" \/>\n\t<meta name=\"twitter:data1\" content=\"Comunidade Ativa\" \/>\n\t<meta name=\"twitter:label2\" content=\"Est. tempo de leitura\" \/>\n\t<meta name=\"twitter:data2\" content=\"3 minutos\" \/>\n<script type=\"application\/ld+json\" class=\"yoast-schema-graph\">{\"@context\":\"https:\/\/schema.org\",\"@graph\":[{\"@type\":\"Article\",\"@id\":\"https:\/\/www.comunidadeativa.jor.br\/index.php\/2020\/06\/22\/historia-de-uma-longa-vida-um-presente-que-recebi-de-geraldo-fonseca\/#article\",\"isPartOf\":{\"@id\":\"https:\/\/www.comunidadeativa.jor.br\/index.php\/2020\/06\/22\/historia-de-uma-longa-vida-um-presente-que-recebi-de-geraldo-fonseca\/\"},\"author\":{\"name\":\"Comunidade Ativa\",\"@id\":\"https:\/\/www.comunidadeativa.jor.br\/#\/schema\/person\/dcaa1f1c51c1f0c47a33b2b734cad6e1\"},\"headline\":\"Hist\u00f3ria de uma longa vida, um presente que recebi de Geraldo Fonseca\",\"datePublished\":\"2020-06-22T22:00:41+00:00\",\"dateModified\":\"2020-06-24T19:38:27+00:00\",\"mainEntityOfPage\":{\"@id\":\"https:\/\/www.comunidadeativa.jor.br\/index.php\/2020\/06\/22\/historia-de-uma-longa-vida-um-presente-que-recebi-de-geraldo-fonseca\/\"},\"wordCount\":545,\"publisher\":{\"@id\":\"https:\/\/www.comunidadeativa.jor.br\/#organization\"},\"image\":{\"@id\":\"https:\/\/www.comunidadeativa.jor.br\/index.php\/2020\/06\/22\/historia-de-uma-longa-vida-um-presente-que-recebi-de-geraldo-fonseca\/#primaryimage\"},\"thumbnailUrl\":\"https:\/\/www.comunidadeativa.jor.br\/wp-content\/uploads\/2020\/06\/angry-boy_21730-12942-1.jpg\",\"articleSection\":[\"Pelo bairro\"],\"inLanguage\":\"pt-BR\"},{\"@type\":\"WebPage\",\"@id\":\"https:\/\/www.comunidadeativa.jor.br\/index.php\/2020\/06\/22\/historia-de-uma-longa-vida-um-presente-que-recebi-de-geraldo-fonseca\/\",\"url\":\"https:\/\/www.comunidadeativa.jor.br\/index.php\/2020\/06\/22\/historia-de-uma-longa-vida-um-presente-que-recebi-de-geraldo-fonseca\/\",\"name\":\"Hist\u00f3ria de uma longa vida, um presente que recebi de Geraldo Fonseca - Comunidade Ativa\",\"isPartOf\":{\"@id\":\"https:\/\/www.comunidadeativa.jor.br\/#website\"},\"primaryImageOfPage\":{\"@id\":\"https:\/\/www.comunidadeativa.jor.br\/index.php\/2020\/06\/22\/historia-de-uma-longa-vida-um-presente-que-recebi-de-geraldo-fonseca\/#primaryimage\"},\"image\":{\"@id\":\"https:\/\/www.comunidadeativa.jor.br\/index.php\/2020\/06\/22\/historia-de-uma-longa-vida-um-presente-que-recebi-de-geraldo-fonseca\/#primaryimage\"},\"thumbnailUrl\":\"https:\/\/www.comunidadeativa.jor.br\/wp-content\/uploads\/2020\/06\/angry-boy_21730-12942-1.jpg\",\"datePublished\":\"2020-06-22T22:00:41+00:00\",\"dateModified\":\"2020-06-24T19:38:27+00:00\",\"breadcrumb\":{\"@id\":\"https:\/\/www.comunidadeativa.jor.br\/index.php\/2020\/06\/22\/historia-de-uma-longa-vida-um-presente-que-recebi-de-geraldo-fonseca\/#breadcrumb\"},\"inLanguage\":\"pt-BR\",\"potentialAction\":[{\"@type\":\"ReadAction\",\"target\":[\"https:\/\/www.comunidadeativa.jor.br\/index.php\/2020\/06\/22\/historia-de-uma-longa-vida-um-presente-que-recebi-de-geraldo-fonseca\/\"]}]},{\"@type\":\"ImageObject\",\"inLanguage\":\"pt-BR\",\"@id\":\"https:\/\/www.comunidadeativa.jor.br\/index.php\/2020\/06\/22\/historia-de-uma-longa-vida-um-presente-que-recebi-de-geraldo-fonseca\/#primaryimage\",\"url\":\"https:\/\/www.comunidadeativa.jor.br\/wp-content\/uploads\/2020\/06\/angry-boy_21730-12942-1.jpg\",\"contentUrl\":\"https:\/\/www.comunidadeativa.jor.br\/wp-content\/uploads\/2020\/06\/angry-boy_21730-12942-1.jpg\",\"width\":640,\"height\":352},{\"@type\":\"BreadcrumbList\",\"@id\":\"https:\/\/www.comunidadeativa.jor.br\/index.php\/2020\/06\/22\/historia-de-uma-longa-vida-um-presente-que-recebi-de-geraldo-fonseca\/#breadcrumb\",\"itemListElement\":[{\"@type\":\"ListItem\",\"position\":1,\"name\":\"In\u00edcio\",\"item\":\"https:\/\/www.comunidadeativa.jor.br\/\"},{\"@type\":\"ListItem\",\"position\":2,\"name\":\"Hist\u00f3ria de uma longa vida, um presente que recebi de Geraldo Fonseca\"}]},{\"@type\":\"WebSite\",\"@id\":\"https:\/\/www.comunidadeativa.jor.br\/#website\",\"url\":\"https:\/\/www.comunidadeativa.jor.br\/\",\"name\":\"Comunidade Ativa\",\"description\":\"\",\"publisher\":{\"@id\":\"https:\/\/www.comunidadeativa.jor.br\/#organization\"},\"potentialAction\":[{\"@type\":\"SearchAction\",\"target\":{\"@type\":\"EntryPoint\",\"urlTemplate\":\"https:\/\/www.comunidadeativa.jor.br\/?s={search_term_string}\"},\"query-input\":{\"@type\":\"PropertyValueSpecification\",\"valueRequired\":true,\"valueName\":\"search_term_string\"}}],\"inLanguage\":\"pt-BR\"},{\"@type\":\"Organization\",\"@id\":\"https:\/\/www.comunidadeativa.jor.br\/#organization\",\"name\":\"Comunidade Ativa\",\"url\":\"https:\/\/www.comunidadeativa.jor.br\/\",\"logo\":{\"@type\":\"ImageObject\",\"inLanguage\":\"pt-BR\",\"@id\":\"https:\/\/www.comunidadeativa.jor.br\/#\/schema\/logo\/image\/\",\"url\":\"https:\/\/www.comunidadeativa.jor.br\/wp-content\/uploads\/2018\/03\/cropped-LOGOPNG-1.png\",\"contentUrl\":\"https:\/\/www.comunidadeativa.jor.br\/wp-content\/uploads\/2018\/03\/cropped-LOGOPNG-1.png\",\"width\":318,\"height\":90,\"caption\":\"Comunidade Ativa\"},\"image\":{\"@id\":\"https:\/\/www.comunidadeativa.jor.br\/#\/schema\/logo\/image\/\"},\"sameAs\":[\"https:\/\/www.facebook.com\/comunidadeativa\"]},{\"@type\":\"Person\",\"@id\":\"https:\/\/www.comunidadeativa.jor.br\/#\/schema\/person\/dcaa1f1c51c1f0c47a33b2b734cad6e1\",\"name\":\"Comunidade Ativa\",\"image\":{\"@type\":\"ImageObject\",\"inLanguage\":\"pt-BR\",\"@id\":\"https:\/\/www.comunidadeativa.jor.br\/#\/schema\/person\/image\/\",\"url\":\"https:\/\/secure.gravatar.com\/avatar\/09a9a1f85fedf41e81b47f7c1d40084f?s=96&d=mm&r=g\",\"contentUrl\":\"https:\/\/secure.gravatar.com\/avatar\/09a9a1f85fedf41e81b47f7c1d40084f?s=96&d=mm&r=g\",\"caption\":\"Comunidade Ativa\"},\"url\":\"https:\/\/www.comunidadeativa.jor.br\/index.php\/author\/casalberto\/\"}]}<\/script>\n<!-- \/ Yoast SEO plugin. -->","yoast_head_json":{"title":"Hist\u00f3ria de uma longa vida, um presente que recebi de Geraldo Fonseca - Comunidade Ativa","robots":{"index":"index","follow":"follow","max-snippet":"max-snippet:-1","max-image-preview":"max-image-preview:large","max-video-preview":"max-video-preview:-1"},"canonical":"https:\/\/www.comunidadeativa.jor.br\/index.php\/2020\/06\/22\/historia-de-uma-longa-vida-um-presente-que-recebi-de-geraldo-fonseca\/","og_locale":"pt_BR","og_type":"article","og_title":"Hist\u00f3ria de uma longa vida, um presente que recebi de Geraldo Fonseca - Comunidade Ativa","og_description":"por Carlos Alberto Rocha* De acordo com a nota que h\u00e1 na segunda orelha do livro Hist\u00f3ria de uma longa","og_url":"https:\/\/www.comunidadeativa.jor.br\/index.php\/2020\/06\/22\/historia-de-uma-longa-vida-um-presente-que-recebi-de-geraldo-fonseca\/","og_site_name":"Comunidade Ativa","article_publisher":"https:\/\/www.facebook.com\/comunidadeativa","article_published_time":"2020-06-22T22:00:41+00:00","article_modified_time":"2020-06-24T19:38:27+00:00","og_image":[{"width":640,"height":352,"url":"https:\/\/www.comunidadeativa.jor.br\/wp-content\/uploads\/2020\/06\/angry-boy_21730-12942-1.jpg","type":"image\/jpeg"}],"author":"Comunidade Ativa","twitter_card":"summary_large_image","twitter_misc":{"Escrito por":"Comunidade Ativa","Est. tempo de leitura":"3 minutos"},"schema":{"@context":"https:\/\/schema.org","@graph":[{"@type":"Article","@id":"https:\/\/www.comunidadeativa.jor.br\/index.php\/2020\/06\/22\/historia-de-uma-longa-vida-um-presente-que-recebi-de-geraldo-fonseca\/#article","isPartOf":{"@id":"https:\/\/www.comunidadeativa.jor.br\/index.php\/2020\/06\/22\/historia-de-uma-longa-vida-um-presente-que-recebi-de-geraldo-fonseca\/"},"author":{"name":"Comunidade Ativa","@id":"https:\/\/www.comunidadeativa.jor.br\/#\/schema\/person\/dcaa1f1c51c1f0c47a33b2b734cad6e1"},"headline":"Hist\u00f3ria de uma longa vida, um presente que recebi de Geraldo Fonseca","datePublished":"2020-06-22T22:00:41+00:00","dateModified":"2020-06-24T19:38:27+00:00","mainEntityOfPage":{"@id":"https:\/\/www.comunidadeativa.jor.br\/index.php\/2020\/06\/22\/historia-de-uma-longa-vida-um-presente-que-recebi-de-geraldo-fonseca\/"},"wordCount":545,"publisher":{"@id":"https:\/\/www.comunidadeativa.jor.br\/#organization"},"image":{"@id":"https:\/\/www.comunidadeativa.jor.br\/index.php\/2020\/06\/22\/historia-de-uma-longa-vida-um-presente-que-recebi-de-geraldo-fonseca\/#primaryimage"},"thumbnailUrl":"https:\/\/www.comunidadeativa.jor.br\/wp-content\/uploads\/2020\/06\/angry-boy_21730-12942-1.jpg","articleSection":["Pelo bairro"],"inLanguage":"pt-BR"},{"@type":"WebPage","@id":"https:\/\/www.comunidadeativa.jor.br\/index.php\/2020\/06\/22\/historia-de-uma-longa-vida-um-presente-que-recebi-de-geraldo-fonseca\/","url":"https:\/\/www.comunidadeativa.jor.br\/index.php\/2020\/06\/22\/historia-de-uma-longa-vida-um-presente-que-recebi-de-geraldo-fonseca\/","name":"Hist\u00f3ria de uma longa vida, um presente que recebi de Geraldo Fonseca - Comunidade Ativa","isPartOf":{"@id":"https:\/\/www.comunidadeativa.jor.br\/#website"},"primaryImageOfPage":{"@id":"https:\/\/www.comunidadeativa.jor.br\/index.php\/2020\/06\/22\/historia-de-uma-longa-vida-um-presente-que-recebi-de-geraldo-fonseca\/#primaryimage"},"image":{"@id":"https:\/\/www.comunidadeativa.jor.br\/index.php\/2020\/06\/22\/historia-de-uma-longa-vida-um-presente-que-recebi-de-geraldo-fonseca\/#primaryimage"},"thumbnailUrl":"https:\/\/www.comunidadeativa.jor.br\/wp-content\/uploads\/2020\/06\/angry-boy_21730-12942-1.jpg","datePublished":"2020-06-22T22:00:41+00:00","dateModified":"2020-06-24T19:38:27+00:00","breadcrumb":{"@id":"https:\/\/www.comunidadeativa.jor.br\/index.php\/2020\/06\/22\/historia-de-uma-longa-vida-um-presente-que-recebi-de-geraldo-fonseca\/#breadcrumb"},"inLanguage":"pt-BR","potentialAction":[{"@type":"ReadAction","target":["https:\/\/www.comunidadeativa.jor.br\/index.php\/2020\/06\/22\/historia-de-uma-longa-vida-um-presente-que-recebi-de-geraldo-fonseca\/"]}]},{"@type":"ImageObject","inLanguage":"pt-BR","@id":"https:\/\/www.comunidadeativa.jor.br\/index.php\/2020\/06\/22\/historia-de-uma-longa-vida-um-presente-que-recebi-de-geraldo-fonseca\/#primaryimage","url":"https:\/\/www.comunidadeativa.jor.br\/wp-content\/uploads\/2020\/06\/angry-boy_21730-12942-1.jpg","contentUrl":"https:\/\/www.comunidadeativa.jor.br\/wp-content\/uploads\/2020\/06\/angry-boy_21730-12942-1.jpg","width":640,"height":352},{"@type":"BreadcrumbList","@id":"https:\/\/www.comunidadeativa.jor.br\/index.php\/2020\/06\/22\/historia-de-uma-longa-vida-um-presente-que-recebi-de-geraldo-fonseca\/#breadcrumb","itemListElement":[{"@type":"ListItem","position":1,"name":"In\u00edcio","item":"https:\/\/www.comunidadeativa.jor.br\/"},{"@type":"ListItem","position":2,"name":"Hist\u00f3ria de uma longa vida, um presente que recebi de Geraldo Fonseca"}]},{"@type":"WebSite","@id":"https:\/\/www.comunidadeativa.jor.br\/#website","url":"https:\/\/www.comunidadeativa.jor.br\/","name":"Comunidade Ativa","description":"","publisher":{"@id":"https:\/\/www.comunidadeativa.jor.br\/#organization"},"potentialAction":[{"@type":"SearchAction","target":{"@type":"EntryPoint","urlTemplate":"https:\/\/www.comunidadeativa.jor.br\/?s={search_term_string}"},"query-input":{"@type":"PropertyValueSpecification","valueRequired":true,"valueName":"search_term_string"}}],"inLanguage":"pt-BR"},{"@type":"Organization","@id":"https:\/\/www.comunidadeativa.jor.br\/#organization","name":"Comunidade Ativa","url":"https:\/\/www.comunidadeativa.jor.br\/","logo":{"@type":"ImageObject","inLanguage":"pt-BR","@id":"https:\/\/www.comunidadeativa.jor.br\/#\/schema\/logo\/image\/","url":"https:\/\/www.comunidadeativa.jor.br\/wp-content\/uploads\/2018\/03\/cropped-LOGOPNG-1.png","contentUrl":"https:\/\/www.comunidadeativa.jor.br\/wp-content\/uploads\/2018\/03\/cropped-LOGOPNG-1.png","width":318,"height":90,"caption":"Comunidade Ativa"},"image":{"@id":"https:\/\/www.comunidadeativa.jor.br\/#\/schema\/logo\/image\/"},"sameAs":["https:\/\/www.facebook.com\/comunidadeativa"]},{"@type":"Person","@id":"https:\/\/www.comunidadeativa.jor.br\/#\/schema\/person\/dcaa1f1c51c1f0c47a33b2b734cad6e1","name":"Comunidade Ativa","image":{"@type":"ImageObject","inLanguage":"pt-BR","@id":"https:\/\/www.comunidadeativa.jor.br\/#\/schema\/person\/image\/","url":"https:\/\/secure.gravatar.com\/avatar\/09a9a1f85fedf41e81b47f7c1d40084f?s=96&d=mm&r=g","contentUrl":"https:\/\/secure.gravatar.com\/avatar\/09a9a1f85fedf41e81b47f7c1d40084f?s=96&d=mm&r=g","caption":"Comunidade Ativa"},"url":"https:\/\/www.comunidadeativa.jor.br\/index.php\/author\/casalberto\/"}]}},"_links":{"self":[{"href":"https:\/\/www.comunidadeativa.jor.br\/index.php\/wp-json\/wp\/v2\/posts\/893","targetHints":{"allow":["GET"]}}],"collection":[{"href":"https:\/\/www.comunidadeativa.jor.br\/index.php\/wp-json\/wp\/v2\/posts"}],"about":[{"href":"https:\/\/www.comunidadeativa.jor.br\/index.php\/wp-json\/wp\/v2\/types\/post"}],"author":[{"embeddable":true,"href":"https:\/\/www.comunidadeativa.jor.br\/index.php\/wp-json\/wp\/v2\/users\/1"}],"replies":[{"embeddable":true,"href":"https:\/\/www.comunidadeativa.jor.br\/index.php\/wp-json\/wp\/v2\/comments?post=893"}],"version-history":[{"count":1,"href":"https:\/\/www.comunidadeativa.jor.br\/index.php\/wp-json\/wp\/v2\/posts\/893\/revisions"}],"predecessor-version":[{"id":896,"href":"https:\/\/www.comunidadeativa.jor.br\/index.php\/wp-json\/wp\/v2\/posts\/893\/revisions\/896"}],"wp:featuredmedia":[{"embeddable":true,"href":"https:\/\/www.comunidadeativa.jor.br\/index.php\/wp-json\/wp\/v2\/media\/895"}],"wp:attachment":[{"href":"https:\/\/www.comunidadeativa.jor.br\/index.php\/wp-json\/wp\/v2\/media?parent=893"}],"wp:term":[{"taxonomy":"category","embeddable":true,"href":"https:\/\/www.comunidadeativa.jor.br\/index.php\/wp-json\/wp\/v2\/categories?post=893"},{"taxonomy":"post_tag","embeddable":true,"href":"https:\/\/www.comunidadeativa.jor.br\/index.php\/wp-json\/wp\/v2\/tags?post=893"}],"curies":[{"name":"wp","href":"https:\/\/api.w.org\/{rel}","templated":true}]}}