{"id":299,"count":0,"description":"","link":"https:\/\/www.comunidadeativa.jor.br\/index.php\/business-directory\/wpbdp_category\/show-dj-aluguel-de-som-e-iluminacao-buffet-decoracao-de-festa-organizacao-de-evento\/","name":"Show, Dj, aluguel de som e ilumina\u00e7\u00e3o, buffet, decora\u00e7\u00e3o de festa, organiza\u00e7\u00e3o de evento","slug":"show-dj-aluguel-de-som-e-iluminacao-buffet-decoracao-de-festa-organizacao-de-evento","taxonomy":"wpbdp_category","parent":0,"meta":[],"_links":{"self":[{"href":"https:\/\/www.comunidadeativa.jor.br\/index.php\/wp-json\/wp\/v2\/wpbdp_category\/299","targetHints":{"allow":["GET"]}}],"collection":[{"href":"https:\/\/www.comunidadeativa.jor.br\/index.php\/wp-json\/wp\/v2\/wpbdp_category"}],"about":[{"href":"https:\/\/www.comunidadeativa.jor.br\/index.php\/wp-json\/wp\/v2\/taxonomies\/wpbdp_category"}],"wp:post_type":[{"href":"https:\/\/www.comunidadeativa.jor.br\/index.php\/wp-json\/wp\/v2\/wpbdp_listing?wpbdp_category=299"}],"curies":[{"name":"wp","href":"https:\/\/api.w.org\/{rel}","templated":true}]}}