{"id":323,"count":0,"description":"","link":"https:\/\/www.comunidadeativa.jor.br\/index.php\/business-directory\/wpbdp_category\/bolo-3-0-sem-acucar-gluten-e-lactose\/","name":"Bolo 3.0 (Sem A\u00e7\u00facar, Gl\u00faten e Lactose)","slug":"bolo-3-0-sem-acucar-gluten-e-lactose","taxonomy":"wpbdp_category","parent":0,"meta":[],"_links":{"self":[{"href":"https:\/\/www.comunidadeativa.jor.br\/index.php\/wp-json\/wp\/v2\/wpbdp_category\/323","targetHints":{"allow":["GET"]}}],"collection":[{"href":"https:\/\/www.comunidadeativa.jor.br\/index.php\/wp-json\/wp\/v2\/wpbdp_category"}],"about":[{"href":"https:\/\/www.comunidadeativa.jor.br\/index.php\/wp-json\/wp\/v2\/taxonomies\/wpbdp_category"}],"wp:post_type":[{"href":"https:\/\/www.comunidadeativa.jor.br\/index.php\/wp-json\/wp\/v2\/wpbdp_listing?wpbdp_category=323"}],"curies":[{"name":"wp","href":"https:\/\/api.w.org\/{rel}","templated":true}]}}