{"id":392,"count":1,"description":"","link":"https:\/\/www.comunidadeativa.jor.br\/index.php\/business-directory\/wpbdp_tag\/estetica-home-care-humanizada-hidratacao-facial-50\/","name":"Est\u00e9tica Home Care Humanizada: Hidrata\u00e7\u00e3o Facial 50+","slug":"estetica-home-care-humanizada-hidratacao-facial-50","taxonomy":"wpbdp_tag","meta":[],"_links":{"self":[{"href":"https:\/\/www.comunidadeativa.jor.br\/index.php\/wp-json\/wp\/v2\/wpbdp_tag\/392","targetHints":{"allow":["GET"]}}],"collection":[{"href":"https:\/\/www.comunidadeativa.jor.br\/index.php\/wp-json\/wp\/v2\/wpbdp_tag"}],"about":[{"href":"https:\/\/www.comunidadeativa.jor.br\/index.php\/wp-json\/wp\/v2\/taxonomies\/wpbdp_tag"}],"wp:post_type":[{"href":"https:\/\/www.comunidadeativa.jor.br\/index.php\/wp-json\/wp\/v2\/wpbdp_listing?wpbdp_tag=392"}],"curies":[{"name":"wp","href":"https:\/\/api.w.org\/{rel}","templated":true}]}}